{"id":141188,"date":"2026-01-12T18:00:16","date_gmt":"2026-01-12T18:00:16","guid":{"rendered":"https:\/\/www.deberes.net\/tesis\/sin-categoria\/wright-van-doesburg-mies-van-der-rohe-de-la-descomposicion-del-espacio-a-la-composicion-del-vacio\/"},"modified":"2026-01-12T18:00:16","modified_gmt":"2026-01-12T18:00:16","slug":"wright-van-doesburg-mies-van-der-rohe-de-la-descomposicion-del-espacio-a-la-composicion-del-vacio","status":"publish","type":"post","link":"https:\/\/www.deberes.net\/tesis\/historia\/wright-van-doesburg-mies-van-der-rohe-de-la-descomposicion-del-espacio-a-la-composicion-del-vacio\/","title":{"rendered":"Wright, van doesburg, mies van der rohe. de la descomposicion del espacio, a la composicion del vacio."},"content":{"rendered":"<h2>Tesis doctoral de <strong>  Hernandez Correa Jos\u00e9 Ramon <\/strong><\/h2>\n<p>A traves del analisis de la obra de wright, van doesburg y mies van der rohe, la tesis muestra uno de los procesos mas interesantes en el desarrollo de la arquitectura contemporanea, identificado por el autor como la rotura de la caja constructiva, paradigma de arquitecturas anteriores, y que culmina con la construccion del vacio como resultado de una desocupacion espacial. En su interpretacion la tesis se apoya, entre otras fuentes, en la concepcion espacio-temporal formulada por la fisica en los comienzos de este siglo, y tambien en los puntos de vista de dos intelectuales vascoespa\u00f1oles. Miguel de unamuno y jorge de oteiza (este tambien y, en primer lugar, artista) con lo que acerca y hace propio el fenomeno de la historia de la arquitectura estudiado.<\/p>\n<p>&nbsp;<\/p>\n<h3>Datos acad\u00e9micos de la tesis doctoral \u00ab<strong>Wright, van doesburg, mies van der rohe. de la descomposicion del espacio, a la composicion del vacio.<\/strong>\u00ab<\/h3>\n<ul>\n<li><strong>T\u00edtulo de la tesis:<\/strong>\u00a0 Wright, van doesburg, mies van der rohe. de la descomposicion del espacio, a la composicion del vacio. <\/li>\n<li><strong>Autor:<\/strong>\u00a0  Hernandez Correa Jos\u00e9 Ramon <\/li>\n<li><strong>Universidad:<\/strong>\u00a0 Polit\u00e9cnica de Madrid<\/li>\n<li><strong>Fecha de lectura de la tesis:<\/strong>\u00a0 01\/01\/1992<\/li>\n<\/ul>\n<p>&nbsp;<\/p>\n<h3>Direcci\u00f3n y tribunal<\/h3>\n<ul>\n<li><strong>Director de la tesis<\/strong>\n<ul>\n<li> Fullaondo Errazu Juan  Daniel<\/li>\n<\/ul>\n<\/li>\n<li><strong>Tribunal<\/strong>\n<ul>\n<li>Presidente del tribunal: Mar\u00eda Teresa Mu\u00f1oz Jim\u00e9nez <\/li>\n<li>Alberto Donaire Rodriguez (vocal)<\/li>\n<li>Javier De C\u00e1rdenas Ch\u00e1varri (vocal)<\/li>\n<li>Sergio Perez Parrilla (vocal)<\/li>\n<\/ul>\n<\/li>\n<\/ul>\n<p>&nbsp;<\/p>\n","protected":false},"excerpt":{"rendered":"<p>Tesis doctoral de Hernandez Correa Jos\u00e9 Ramon A traves del analisis de la obra de wright, van doesburg y mies [&hellip;]<\/p>\n","protected":false},"author":1,"featured_media":0,"comment_status":"open","ping_status":"open","sticky":false,"template":"","format":"standard","meta":{"site-sidebar-layout":"default","site-content-layout":"","ast-site-content-layout":"","site-content-style":"default","site-sidebar-style":"default","ast-global-header-display":"","ast-banner-title-visibility":"","ast-main-header-display":"","ast-hfb-above-header-display":"","ast-hfb-below-header-display":"","ast-hfb-mobile-header-display":"","site-post-title":"","ast-breadcrumbs-content":"","ast-featured-img":"","footer-sml-layout":"","theme-transparent-header-meta":"","adv-header-id-meta":"","stick-header-meta":"","header-above-stick-meta":"","header-main-stick-meta":"","header-below-stick-meta":"","astra-migrate-meta-layouts":"default","ast-page-background-enabled":"default","ast-page-background-meta":{"desktop":{"background-color":"var(--ast-global-color-4)","background-image":"","background-repeat":"repeat","background-position":"center center","background-size":"auto","background-attachment":"scroll","background-type":"","background-media":"","overlay-type":"","overlay-color":"","overlay-gradient":""},"tablet":{"background-color":"","background-image":"","background-repeat":"repeat","background-position":"center center","background-size":"auto","background-attachment":"scroll","background-type":"","background-media":"","overlay-type":"","overlay-color":"","overlay-gradient":""},"mobile":{"background-color":"","background-image":"","background-repeat":"repeat","background-position":"center center","background-size":"auto","background-attachment":"scroll","background-type":"","background-media":"","overlay-type":"","overlay-color":"","overlay-gradient":""}},"ast-content-background-meta":{"desktop":{"background-color":"var(--ast-global-color-5)","background-image":"","background-repeat":"repeat","background-position":"center center","background-size":"auto","background-attachment":"scroll","background-type":"","background-media":"","overlay-type":"","overlay-color":"","overlay-gradient":""},"tablet":{"background-color":"var(--ast-global-color-5)","background-image":"","background-repeat":"repeat","background-position":"center center","background-size":"auto","background-attachment":"scroll","background-type":"","background-media":"","overlay-type":"","overlay-color":"","overlay-gradient":""},"mobile":{"background-color":"var(--ast-global-color-5)","background-image":"","background-repeat":"repeat","background-position":"center center","background-size":"auto","background-attachment":"scroll","background-type":"","background-media":"","overlay-type":"","overlay-color":"","overlay-gradient":""}},"footnotes":""},"categories":[4509,147,12564,104,1745,222,16008],"tags":[65030,16204,255930,72581,15715,252312],"class_list":["post-141188","post","type-post","status-publish","format-standard","hentry","category-arquitectura","category-ciencias-de-las-artes-y-las-letras","category-diseno-arquitectonico","category-historia","category-historia-de-la-arquitectura","category-historias-especializadas","category-politecnica-de-madrid","tag-alberto-donaire-rodriguez","tag-fullaondo-errazu-juan-daniel","tag-hernandez-correa-jose-ramon","tag-javier-de-cardenas-chavarri","tag-maria-teresa-munoz-jimenez","tag-sergio-perez-parrilla"],"_links":{"self":[{"href":"https:\/\/www.deberes.net\/tesis\/wp-json\/wp\/v2\/posts\/141188","targetHints":{"allow":["GET"]}}],"collection":[{"href":"https:\/\/www.deberes.net\/tesis\/wp-json\/wp\/v2\/posts"}],"about":[{"href":"https:\/\/www.deberes.net\/tesis\/wp-json\/wp\/v2\/types\/post"}],"author":[{"embeddable":true,"href":"https:\/\/www.deberes.net\/tesis\/wp-json\/wp\/v2\/users\/1"}],"replies":[{"embeddable":true,"href":"https:\/\/www.deberes.net\/tesis\/wp-json\/wp\/v2\/comments?post=141188"}],"version-history":[{"count":0,"href":"https:\/\/www.deberes.net\/tesis\/wp-json\/wp\/v2\/posts\/141188\/revisions"}],"wp:attachment":[{"href":"https:\/\/www.deberes.net\/tesis\/wp-json\/wp\/v2\/media?parent=141188"}],"wp:term":[{"taxonomy":"category","embeddable":true,"href":"https:\/\/www.deberes.net\/tesis\/wp-json\/wp\/v2\/categories?post=141188"},{"taxonomy":"post_tag","embeddable":true,"href":"https:\/\/www.deberes.net\/tesis\/wp-json\/wp\/v2\/tags?post=141188"}],"curies":[{"name":"wp","href":"https:\/\/api.w.org\/{rel}","templated":true}]}}