{"id":14134,"date":"2018-03-09T09:00:42","date_gmt":"2018-03-09T09:00:42","guid":{"rendered":"https:\/\/www.deberes.net\/tesis\/sin-categoria\/psicopatologa%c2%ada-del-trastorno-obsesivo-compulsivo\/"},"modified":"2018-03-09T09:00:42","modified_gmt":"2018-03-09T09:00:42","slug":"psicopatologa%c2%ada-del-trastorno-obsesivo-compulsivo","status":"publish","type":"post","link":"https:\/\/www.deberes.net\/tesis\/psicologia\/psicopatologa%c2%ada-del-trastorno-obsesivo-compulsivo\/","title":{"rendered":"Psicopatolog\u00eda del trastorno obsesivo compulsivo"},"content":{"rendered":"<h2>Tesis doctoral de <strong>  Albert Colomer M. Carmen <\/strong><\/h2>\n<p>Se ha analizado a una poblaci\u00f3n de 35 sujetos diagnosticados de trastorno obsesivo compulsivo (toc) seleccionados durante un a\u00f1o de toda la poblaci\u00f3n que consult\u00f3 en un equipo de salud mental. En estos pacientes se analiz\u00f3:  * las caracter\u00edsticas de las obsesiones utilizando la escala de yale-brown para el trastorno obsesivo compulsivo.  * sintomatolog\u00eda acompa\u00f1ante y comorbilidad mediante la aplicaci\u00f3n del sistema scan (cuestionario para la evalluaci\u00f3n cl\u00ednica en neuropsiquiatr\u00eda).  * discapacidad o deterioro ligado al toc, a trav\u00e9s del resultado del cuestionario para la evaluaci\u00f3n de la conducta social (sbas).  las conclusiones a las que se han llegado son las siguientes:  &#8211; los trastornos hallados com\u00f3rbidos al toc han sido: trastornos depresivos, fobias espec\u00edficas, trastorno de p\u00e1nico e insomnio no org\u00e1nico.  &#8211; los s\u00edntomas com\u00f3rbidos que tienen mayor peso en la gravedad del toc son, en orden de importancia: disminuci\u00f3n subjetiva del funcionamiento, tensi\u00f3n nerviosa, disminuci\u00f3n del funcionamiento corporal y fobias espec\u00edficas.  &#8211; la disminuci\u00f3n subjetiva del funcionamiento hace referencia, por un lado, a la presencia de apat\u00eda, abulia, astenia, enlentecimiento, s\u00edntomas que giran en torno a la falta de actividad y, por otro, a la sensaci\u00f3n de falta de memoria y a dificultades para organizar la informaci\u00f3n, m\u00e1s ligados a aspectos cognitivos. Estos s\u00edntomas, que pueden relacionarse con algunos de los que janet incluy\u00f3 en la categor\u00eda denominada psicastenia, no se contemplan en las descripciones que del trastorno hacen los actuales sistemas digan\u00f3sticos y de clasificaci\u00f3n.  &#8211; la gravedad del toc tambi\u00e9n guarda una relaci\u00f3n con el aislamiento social que se plasma en la disminuci\u00f3n en el desempe\u00f1o de roles sociales que hacen referencia a las relaciones interpersonales y a la conversaci\u00f3n diaria.  &#8211; la discapacidad ligada al toc se relaciona con la intensidad, la gravedad, de las compulsion<\/p>\n<p>&nbsp;<\/p>\n<h3>Datos acad\u00e9micos de la tesis doctoral \u00ab<strong>Psicopatolog\u00eda del trastorno obsesivo compulsivo<\/strong>\u00ab<\/h3>\n<ul>\n<li><strong>T\u00edtulo de la tesis:<\/strong>\u00a0 Psicopatolog\u00eda del trastorno obsesivo compulsivo <\/li>\n<li><strong>Autor:<\/strong>\u00a0  Albert Colomer M. Carmen <\/li>\n<li><strong>Universidad:<\/strong>\u00a0 C\u00f3rdoba<\/li>\n<li><strong>Fecha de lectura de la tesis:<\/strong>\u00a0 30\/11\/2001<\/li>\n<\/ul>\n<p>&nbsp;<\/p>\n<h3>Direcci\u00f3n y tribunal<\/h3>\n<ul>\n<li><strong>Director de la tesis<\/strong>\n<ul>\n<li> Valls Blanco Jos\u00e9 M.<\/li>\n<\/ul>\n<\/li>\n<li><strong>Tribunal<\/strong>\n<ul>\n<li>Presidente del tribunal: Antonio Medina le\u00f3n <\/li>\n<li>rafaela Caballero andaluz (vocal)<\/li>\n<li>miquel Casas brugue (vocal)<\/li>\n<li> L\u00f3pez s\u00e1nchez Jos\u00e9 Mar\u00eda (vocal)<\/li>\n<\/ul>\n<\/li>\n<\/ul>\n<p>&nbsp;<\/p>\n","protected":false},"excerpt":{"rendered":"<p>Tesis doctoral de Albert Colomer M. Carmen Se ha analizado a una poblaci\u00f3n de 35 sujetos diagnosticados de trastorno obsesivo [&hellip;]<\/p>\n","protected":false},"author":1,"featured_media":0,"comment_status":"open","ping_status":"open","sticky":false,"template":"","format":"standard","meta":{"site-sidebar-layout":"default","site-content-layout":"","ast-site-content-layout":"","site-content-style":"default","site-sidebar-style":"default","ast-global-header-display":"","ast-banner-title-visibility":"","ast-main-header-display":"","ast-hfb-above-header-display":"","ast-hfb-below-header-display":"","ast-hfb-mobile-header-display":"","site-post-title":"","ast-breadcrumbs-content":"","ast-featured-img":"","footer-sml-layout":"","theme-transparent-header-meta":"","adv-header-id-meta":"","stick-header-meta":"","header-above-stick-meta":"","header-main-stick-meta":"","header-below-stick-meta":"","astra-migrate-meta-layouts":"default","ast-page-background-enabled":"default","ast-page-background-meta":{"desktop":{"background-color":"var(--ast-global-color-4)","background-image":"","background-repeat":"repeat","background-position":"center center","background-size":"auto","background-attachment":"scroll","background-type":"","background-media":"","overlay-type":"","overlay-color":"","overlay-gradient":""},"tablet":{"background-color":"","background-image":"","background-repeat":"repeat","background-position":"center center","background-size":"auto","background-attachment":"scroll","background-type":"","background-media":"","overlay-type":"","overlay-color":"","overlay-gradient":""},"mobile":{"background-color":"","background-image":"","background-repeat":"repeat","background-position":"center center","background-size":"auto","background-attachment":"scroll","background-type":"","background-media":"","overlay-type":"","overlay-color":"","overlay-gradient":""}},"ast-content-background-meta":{"desktop":{"background-color":"var(--ast-global-color-5)","background-image":"","background-repeat":"repeat","background-position":"center center","background-size":"auto","background-attachment":"scroll","background-type":"","background-media":"","overlay-type":"","overlay-color":"","overlay-gradient":""},"tablet":{"background-color":"var(--ast-global-color-5)","background-image":"","background-repeat":"repeat","background-position":"center center","background-size":"auto","background-attachment":"scroll","background-type":"","background-media":"","overlay-type":"","overlay-color":"","overlay-gradient":""},"mobile":{"background-color":"var(--ast-global-color-5)","background-image":"","background-repeat":"repeat","background-position":"center center","background-size":"auto","background-attachment":"scroll","background-type":"","background-media":"","overlay-type":"","overlay-color":"","overlay-gradient":""}},"footnotes":""},"categories":[973,324,961,325],"tags":[45622,2334,45624,1848,38965,45623],"class_list":["post-14134","post","type-post","status-publish","format-standard","hentry","category-cordoba","category-psicologia","category-psicologia-de-la-anormalidad","category-psicopatologia","tag-albert-colomer-m-carmen","tag-antonio-medina-leon","tag-lopez-sanchez-jose-maria","tag-miquel-casas-brugue","tag-rafaela-caballero-andaluz","tag-valls-blanco-jose-m"],"_links":{"self":[{"href":"https:\/\/www.deberes.net\/tesis\/wp-json\/wp\/v2\/posts\/14134","targetHints":{"allow":["GET"]}}],"collection":[{"href":"https:\/\/www.deberes.net\/tesis\/wp-json\/wp\/v2\/posts"}],"about":[{"href":"https:\/\/www.deberes.net\/tesis\/wp-json\/wp\/v2\/types\/post"}],"author":[{"embeddable":true,"href":"https:\/\/www.deberes.net\/tesis\/wp-json\/wp\/v2\/users\/1"}],"replies":[{"embeddable":true,"href":"https:\/\/www.deberes.net\/tesis\/wp-json\/wp\/v2\/comments?post=14134"}],"version-history":[{"count":0,"href":"https:\/\/www.deberes.net\/tesis\/wp-json\/wp\/v2\/posts\/14134\/revisions"}],"wp:attachment":[{"href":"https:\/\/www.deberes.net\/tesis\/wp-json\/wp\/v2\/media?parent=14134"}],"wp:term":[{"taxonomy":"category","embeddable":true,"href":"https:\/\/www.deberes.net\/tesis\/wp-json\/wp\/v2\/categories?post=14134"},{"taxonomy":"post_tag","embeddable":true,"href":"https:\/\/www.deberes.net\/tesis\/wp-json\/wp\/v2\/tags?post=14134"}],"curies":[{"name":"wp","href":"https:\/\/api.w.org\/{rel}","templated":true}]}}