{"id":141343,"date":"2026-01-12T18:01:39","date_gmt":"2026-01-12T18:01:39","guid":{"rendered":"https:\/\/www.deberes.net\/tesis\/sin-categoria\/determinantes-sociales-motivaciones-individuales-y-accion-colectiva-un-estudio-cualitativo-de-la-seccion-madrilena-de-amnistia-internacional\/"},"modified":"2026-01-12T18:01:39","modified_gmt":"2026-01-12T18:01:39","slug":"determinantes-sociales-motivaciones-individuales-y-accion-colectiva-un-estudio-cualitativo-de-la-seccion-madrilena-de-amnistia-internacional","status":"publish","type":"post","link":"https:\/\/www.deberes.net\/tesis\/sociologia\/determinantes-sociales-motivaciones-individuales-y-accion-colectiva-un-estudio-cualitativo-de-la-seccion-madrilena-de-amnistia-internacional\/","title":{"rendered":"Determinantes sociales, motivaciones individuales y accion colectiva. un estudio cualitativo de la seccion madrile\u00f1a de amnistia internacional."},"content":{"rendered":"<h2>Tesis doctoral de <strong> Mar\u00eda Jes\u00fas Funes Rivas <\/strong><\/h2>\n<p>Estudio cualitativo del voluntariado de amnistia internacional que analiza la dimension individual de una accion colectiva, concretamente una organizacion voluntaria, con el objetivo de investigar como se produce la accion social participativa en un contexto concreto.  para ello se estudian los determinantes sociologicos del tipo del contexto socioeconomico, la edad, el sexo, el proceso de socializacion, llegando a la conclusion de su importante influencia tanto en el tipo de incentivos que estimulan la accion como en la forma en que esta se produce.<\/p>\n<p>&nbsp;<\/p>\n<h3>Datos acad\u00e9micos de la tesis doctoral \u00ab<strong>Determinantes sociales, motivaciones individuales y accion colectiva. un estudio cualitativo de la seccion madrile\u00f1a de amnistia internacional.<\/strong>\u00ab<\/h3>\n<ul>\n<li><strong>T\u00edtulo de la tesis:<\/strong>\u00a0 Determinantes sociales, motivaciones individuales y accion colectiva. un estudio cualitativo de la seccion madrile\u00f1a de amnistia internacional. <\/li>\n<li><strong>Autor:<\/strong>\u00a0 Mar\u00eda Jes\u00fas Funes Rivas <\/li>\n<li><strong>Universidad:<\/strong>\u00a0 Nacional de educaci\u00f3n a distancia<\/li>\n<li><strong>Fecha de lectura de la tesis:<\/strong>\u00a0 01\/01\/1992<\/li>\n<\/ul>\n<p>&nbsp;<\/p>\n<h3>Direcci\u00f3n y tribunal<\/h3>\n<ul>\n<li><strong>Director de la tesis<\/strong>\n<ul>\n<li>Fernando Reinares Nestares<\/li>\n<\/ul>\n<\/li>\n<li><strong>Tribunal<\/strong>\n<ul>\n<li>Presidente del tribunal: Jos\u00e9 F\u00e9lix Tezanos Tortajada <\/li>\n<li>Juan Toharia Jose (vocal)<\/li>\n<li> Rodriguez Iba\u00f1ez Jos\u00e9 E. (vocal)<\/li>\n<li>Jorge Benedicto Millan (vocal)<\/li>\n<\/ul>\n<\/li>\n<\/ul>\n<p>&nbsp;<\/p>\n","protected":false},"excerpt":{"rendered":"<p>Tesis doctoral de Mar\u00eda Jes\u00fas Funes Rivas Estudio cualitativo del voluntariado de amnistia internacional que analiza la dimension individual de [&hellip;]<\/p>\n","protected":false},"author":1,"featured_media":0,"comment_status":"open","ping_status":"open","sticky":false,"template":"","format":"standard","meta":{"site-sidebar-layout":"default","site-content-layout":"","ast-site-content-layout":"","site-content-style":"default","site-sidebar-style":"default","ast-global-header-display":"","ast-banner-title-visibility":"","ast-main-header-display":"","ast-hfb-above-header-display":"","ast-hfb-below-header-display":"","ast-hfb-mobile-header-display":"","site-post-title":"","ast-breadcrumbs-content":"","ast-featured-img":"","footer-sml-layout":"","theme-transparent-header-meta":"","adv-header-id-meta":"","stick-header-meta":"","header-above-stick-meta":"","header-main-stick-meta":"","header-below-stick-meta":"","astra-migrate-meta-layouts":"default","ast-page-background-enabled":"default","ast-page-background-meta":{"desktop":{"background-color":"var(--ast-global-color-4)","background-image":"","background-repeat":"repeat","background-position":"center center","background-size":"auto","background-attachment":"scroll","background-type":"","background-media":"","overlay-type":"","overlay-color":"","overlay-gradient":""},"tablet":{"background-color":"","background-image":"","background-repeat":"repeat","background-position":"center center","background-size":"auto","background-attachment":"scroll","background-type":"","background-media":"","overlay-type":"","overlay-color":"","overlay-gradient":""},"mobile":{"background-color":"","background-image":"","background-repeat":"repeat","background-position":"center center","background-size":"auto","background-attachment":"scroll","background-type":"","background-media":"","overlay-type":"","overlay-color":"","overlay-gradient":""}},"ast-content-background-meta":{"desktop":{"background-color":"var(--ast-global-color-5)","background-image":"","background-repeat":"repeat","background-position":"center center","background-size":"auto","background-attachment":"scroll","background-type":"","background-media":"","overlay-type":"","overlay-color":"","overlay-gradient":""},"tablet":{"background-color":"var(--ast-global-color-5)","background-image":"","background-repeat":"repeat","background-position":"center center","background-size":"auto","background-attachment":"scroll","background-type":"","background-media":"","overlay-type":"","overlay-color":"","overlay-gradient":""},"mobile":{"background-color":"var(--ast-global-color-5)","background-image":"","background-repeat":"repeat","background-position":"center center","background-size":"auto","background-attachment":"scroll","background-type":"","background-media":"","overlay-type":"","overlay-color":"","overlay-gradient":""}},"footnotes":""},"categories":[6217,9647,17070,269],"tags":[7377,80749,5255,5911,41098,53644],"class_list":["post-141343","post","type-post","status-publish","format-standard","hentry","category-cambio-y-desarrollo-social","category-desarrollo-y-politica-social","category-nacional-de-educacion-a-distancia","category-sociologia","tag-fernando-reinares-nestares","tag-jorge-benedicto-millan","tag-jose-felix-tezanos-tortajada","tag-juan-toharia-jose","tag-maria-jesus-funes-rivas","tag-rodriguez-ibanez-jose-e"],"_links":{"self":[{"href":"https:\/\/www.deberes.net\/tesis\/wp-json\/wp\/v2\/posts\/141343","targetHints":{"allow":["GET"]}}],"collection":[{"href":"https:\/\/www.deberes.net\/tesis\/wp-json\/wp\/v2\/posts"}],"about":[{"href":"https:\/\/www.deberes.net\/tesis\/wp-json\/wp\/v2\/types\/post"}],"author":[{"embeddable":true,"href":"https:\/\/www.deberes.net\/tesis\/wp-json\/wp\/v2\/users\/1"}],"replies":[{"embeddable":true,"href":"https:\/\/www.deberes.net\/tesis\/wp-json\/wp\/v2\/comments?post=141343"}],"version-history":[{"count":0,"href":"https:\/\/www.deberes.net\/tesis\/wp-json\/wp\/v2\/posts\/141343\/revisions"}],"wp:attachment":[{"href":"https:\/\/www.deberes.net\/tesis\/wp-json\/wp\/v2\/media?parent=141343"}],"wp:term":[{"taxonomy":"category","embeddable":true,"href":"https:\/\/www.deberes.net\/tesis\/wp-json\/wp\/v2\/categories?post=141343"},{"taxonomy":"post_tag","embeddable":true,"href":"https:\/\/www.deberes.net\/tesis\/wp-json\/wp\/v2\/tags?post=141343"}],"curies":[{"name":"wp","href":"https:\/\/api.w.org\/{rel}","templated":true}]}}