{"id":141379,"date":"2026-01-12T18:01:55","date_gmt":"2026-01-12T18:01:55","guid":{"rendered":"https:\/\/www.deberes.net\/tesis\/sin-categoria\/la-crisis-del-regimen-senorial-en-el-ducado-de-feria-de-final-de-la-edad-moderna\/"},"modified":"2026-01-12T18:01:55","modified_gmt":"2026-01-12T18:01:55","slug":"la-crisis-del-regimen-senorial-en-el-ducado-de-feria-de-final-de-la-edad-moderna","status":"publish","type":"post","link":"https:\/\/www.deberes.net\/tesis\/historia\/la-crisis-del-regimen-senorial-en-el-ducado-de-feria-de-final-de-la-edad-moderna\/","title":{"rendered":"La crisis del regimen se\u00f1orial en el ducado de feria de final de la edad moderna."},"content":{"rendered":"<h2>Tesis doctoral de <strong>  Sanchez Gomez Coronado Manuel <\/strong><\/h2>\n<p>Esta tesis pretende dar una vision completa del ducado de feria desde mediados del siglo xviii hasta 1837; para ello se ha organizado en tres partes.En la primera se dan a conocer las villas del se\u00f1orio, exponiendo las caracteristicas de su poblacion, las actividades economicas de los vecinos y las tensiones surgidas en los concejos.La segunda parte se dedica al estudio del se\u00f1orio como institucion. Se estudia la tipolog\u00eda de los derechos se\u00f1oriales, el procedimiento administrativo de la contaduria para cobrar los productos y rentas, y la evolucion de los ingresos y gastos del ducado de feria durante el periodo 1751-1837.  en la tercera parte se aborda el origen, desarrollo y consecuencias de los conflictos antise\u00f1oriales surgidos en esa epoca en dos grupos de villas del ducado: oliva y Valencia del mombuey, y en nogales, santa marta, villalba, solana y corte de peleas.<\/p>\n<p>&nbsp;<\/p>\n<h3>Datos acad\u00e9micos de la tesis doctoral \u00ab<strong>La crisis del regimen se\u00f1orial en el ducado de feria de final de la edad moderna.<\/strong>\u00ab<\/h3>\n<ul>\n<li><strong>T\u00edtulo de la tesis:<\/strong>\u00a0 La crisis del regimen se\u00f1orial en el ducado de feria de final de la edad moderna. <\/li>\n<li><strong>Autor:<\/strong>\u00a0  Sanchez Gomez Coronado Manuel <\/li>\n<li><strong>Universidad:<\/strong>\u00a0 Nacional de educaci\u00f3n a distancia<\/li>\n<li><strong>Fecha de lectura de la tesis:<\/strong>\u00a0 01\/01\/1992<\/li>\n<\/ul>\n<p>&nbsp;<\/p>\n<h3>Direcci\u00f3n y tribunal<\/h3>\n<ul>\n<li><strong>Director de la tesis<\/strong>\n<ul>\n<li>Manuel Sanchez Belen<\/li>\n<\/ul>\n<\/li>\n<li><strong>Tribunal<\/strong>\n<ul>\n<li>Presidente del tribunal: Luis Enciso Recio <\/li>\n<li> Donezar Diez De Ulzurrun Javier (vocal)<\/li>\n<li>\u00e1ngel Rodr\u00edguez S\u00e1nchez (vocal)<\/li>\n<li>Mguel Rodriguez Cancho (vocal)<\/li>\n<\/ul>\n<\/li>\n<\/ul>\n<p>&nbsp;<\/p>\n","protected":false},"excerpt":{"rendered":"<p>Tesis doctoral de Sanchez Gomez Coronado Manuel Esta tesis pretende dar una vision completa del ducado de feria desde mediados [&hellip;]<\/p>\n","protected":false},"author":1,"featured_media":0,"comment_status":"open","ping_status":"open","sticky":false,"template":"","format":"standard","meta":{"site-sidebar-layout":"default","site-content-layout":"","ast-site-content-layout":"","site-content-style":"default","site-sidebar-style":"default","ast-global-header-display":"","ast-banner-title-visibility":"","ast-main-header-display":"","ast-hfb-above-header-display":"","ast-hfb-below-header-display":"","ast-hfb-mobile-header-display":"","site-post-title":"","ast-breadcrumbs-content":"","ast-featured-img":"","footer-sml-layout":"","theme-transparent-header-meta":"","adv-header-id-meta":"","stick-header-meta":"","header-above-stick-meta":"","header-main-stick-meta":"","header-below-stick-meta":"","astra-migrate-meta-layouts":"default","ast-page-background-enabled":"default","ast-page-background-meta":{"desktop":{"background-color":"var(--ast-global-color-4)","background-image":"","background-repeat":"repeat","background-position":"center center","background-size":"auto","background-attachment":"scroll","background-type":"","background-media":"","overlay-type":"","overlay-color":"","overlay-gradient":""},"tablet":{"background-color":"","background-image":"","background-repeat":"repeat","background-position":"center center","background-size":"auto","background-attachment":"scroll","background-type":"","background-media":"","overlay-type":"","overlay-color":"","overlay-gradient":""},"mobile":{"background-color":"","background-image":"","background-repeat":"repeat","background-position":"center center","background-size":"auto","background-attachment":"scroll","background-type":"","background-media":"","overlay-type":"","overlay-color":"","overlay-gradient":""}},"ast-content-background-meta":{"desktop":{"background-color":"var(--ast-global-color-5)","background-image":"","background-repeat":"repeat","background-position":"center center","background-size":"auto","background-attachment":"scroll","background-type":"","background-media":"","overlay-type":"","overlay-color":"","overlay-gradient":""},"tablet":{"background-color":"var(--ast-global-color-5)","background-image":"","background-repeat":"repeat","background-position":"center center","background-size":"auto","background-attachment":"scroll","background-type":"","background-media":"","overlay-type":"","overlay-color":"","overlay-gradient":""},"mobile":{"background-color":"var(--ast-global-color-5)","background-image":"","background-repeat":"repeat","background-position":"center center","background-size":"auto","background-attachment":"scroll","background-type":"","background-media":"","overlay-type":"","overlay-color":"","overlay-gradient":""}},"footnotes":""},"categories":[104,1015,220,17070],"tags":[12807,31547,256088,256087,18490,256086],"class_list":["post-141379","post","type-post","status-publish","format-standard","hentry","category-historia","category-historia-moderna-del-area-europea","category-historia-por-epocas","category-nacional-de-educacion-a-distancia","tag-angel-rodriguez-sanchez","tag-donezar-diez-de-ulzurrun-javier","tag-luis-enciso-recio","tag-manuel-sanchez-belen","tag-mguel-rodriguez-cancho","tag-sanchez-gomez-coronado-manuel"],"_links":{"self":[{"href":"https:\/\/www.deberes.net\/tesis\/wp-json\/wp\/v2\/posts\/141379","targetHints":{"allow":["GET"]}}],"collection":[{"href":"https:\/\/www.deberes.net\/tesis\/wp-json\/wp\/v2\/posts"}],"about":[{"href":"https:\/\/www.deberes.net\/tesis\/wp-json\/wp\/v2\/types\/post"}],"author":[{"embeddable":true,"href":"https:\/\/www.deberes.net\/tesis\/wp-json\/wp\/v2\/users\/1"}],"replies":[{"embeddable":true,"href":"https:\/\/www.deberes.net\/tesis\/wp-json\/wp\/v2\/comments?post=141379"}],"version-history":[{"count":0,"href":"https:\/\/www.deberes.net\/tesis\/wp-json\/wp\/v2\/posts\/141379\/revisions"}],"wp:attachment":[{"href":"https:\/\/www.deberes.net\/tesis\/wp-json\/wp\/v2\/media?parent=141379"}],"wp:term":[{"taxonomy":"category","embeddable":true,"href":"https:\/\/www.deberes.net\/tesis\/wp-json\/wp\/v2\/categories?post=141379"},{"taxonomy":"post_tag","embeddable":true,"href":"https:\/\/www.deberes.net\/tesis\/wp-json\/wp\/v2\/tags?post=141379"}],"curies":[{"name":"wp","href":"https:\/\/api.w.org\/{rel}","templated":true}]}}