{"id":14138,"date":"2018-03-09T09:00:43","date_gmt":"2018-03-09T09:00:43","guid":{"rendered":"https:\/\/www.deberes.net\/tesis\/sin-categoria\/la-tarea-supervisora-en-la-formacion-del-profesorado-de-las-etapas-de-educacion-infantil-y-primaria-un-modelo-reflexivo-de-supervision\/"},"modified":"2018-03-09T09:00:43","modified_gmt":"2018-03-09T09:00:43","slug":"la-tarea-supervisora-en-la-formacion-del-profesorado-de-las-etapas-de-educacion-infantil-y-primaria-un-modelo-reflexivo-de-supervision","status":"publish","type":"post","link":"https:\/\/www.deberes.net\/tesis\/formacion-y-empleo-de-profesores\/la-tarea-supervisora-en-la-formacion-del-profesorado-de-las-etapas-de-educacion-infantil-y-primaria-un-modelo-reflexivo-de-supervision\/","title":{"rendered":"La tarea supervisora en la formacion del profesorado de las etapas de educacion infantil y primaria: un modelo reflexivo de supervision"},"content":{"rendered":"<h2>Tesis doctoral de <strong> Mar\u00eda Purificaci\u00f3n P\u00e9rez Garc\u00eda <\/strong><\/h2>\n<p>El proposito de esta tesis es mejorar la practica supervisora que la universidad desempe\u00f1a. La supervisi\u00f3n por la que apostamos, es aquella que ayuda al alumno a conectar de forma cognitiva y reflexiva la teoria aprendida con la practica realizada. Todo ello desarrollado en un practicum, caracterizado por saber hacer pensar al alumno y por propiciar la adquisicion de habilidades relacionadas con la construccion de teorias personales.  para ello, la secuencia metodol\u00f3gica que seguimos fue diferenciar dos fases. la primera que seguia la metodolog\u00eda descriptivia y correlacional, propia de la tradicion cuantitativa, tiene por objeto averiguar si el profesor universitario supervisor estimula a la reflexion a sus supervisados durante el practicum. Tuvimos para ello que contruir un cuestionario-que nosotros llamamos de actuaciones reflexivas del supervisor- y calcular su fiabilidad y validez.  la segunda fase, pretendia a la vista de los resultados de la primera, basandonos en la metodolog\u00eda de los estudios de caso, perteneciente a la tradicion interpretativa, dise\u00f1ar un modelo reflexivo de supervision, ponerlo en practica y posteriormente, analizar si habia existido alguna mejora en los alumnos y supervisores tras su aplicaci\u00f3n.  los resultados obtenidos de la primera fase, muestran que los supervisores no estimulan acciones reflexivas tales como que el alumno elabore su propia teoria personal sobre la ense\u00f1anza, que cuestione los principios eticos y politicos de su actuacion, que estimule la lectura de articulos, que coteje su opinion sobre la ense\u00f1anza con otros colegas, que cuestione los porques del curriculum, que el alumno formule hipotesis, que indague en las distintas perspectivas de la ense\u00f1anza y que contraste lo que creia de la ense\u00f1anza con lo que cree ahora.  los resultados de la segunda, nos informan de que el modelo reflexivo de supervision estimula operaciones cognitivas, pues el supervisor y alumno analizan, en el m<\/p>\n<p>&nbsp;<\/p>\n<h3>Datos acad\u00e9micos de la tesis doctoral \u00ab<strong>La tarea supervisora en la formacion del profesorado de las etapas de educacion infantil y primaria: un modelo reflexivo de supervision<\/strong>\u00ab<\/h3>\n<ul>\n<li><strong>T\u00edtulo de la tesis:<\/strong>\u00a0 La tarea supervisora en la formacion del profesorado de las etapas de educacion infantil y primaria: un modelo reflexivo de supervision <\/li>\n<li><strong>Autor:<\/strong>\u00a0 Mar\u00eda Purificaci\u00f3n P\u00e9rez Garc\u00eda <\/li>\n<li><strong>Universidad:<\/strong>\u00a0 Granada<\/li>\n<li><strong>Fecha de lectura de la tesis:<\/strong>\u00a0 30\/11\/2001<\/li>\n<\/ul>\n<p>&nbsp;<\/p>\n<h3>Direcci\u00f3n y tribunal<\/h3>\n<ul>\n<li><strong>Director de la tesis<\/strong>\n<ul>\n<li> Vicente Rodriguez Pedro S. De<\/li>\n<\/ul>\n<\/li>\n<li><strong>Tribunal<\/strong>\n<ul>\n<li>Presidente del tribunal: Luis Miguel Villar angulo <\/li>\n<li>Miguel Perez ferra (vocal)<\/li>\n<li>mercedes Gonzalez sanmamed (vocal)<\/li>\n<li>Manuel Fern\u00e1ndez cruz (vocal)<\/li>\n<\/ul>\n<\/li>\n<\/ul>\n<p>&nbsp;<\/p>\n","protected":false},"excerpt":{"rendered":"<p>Tesis doctoral de Mar\u00eda Purificaci\u00f3n P\u00e9rez Garc\u00eda El proposito de esta tesis es mejorar la practica supervisora que la universidad [&hellip;]<\/p>\n","protected":false},"author":1,"featured_media":0,"comment_status":"open","ping_status":"open","sticky":false,"template":"","format":"standard","meta":{"site-sidebar-layout":"default","site-content-layout":"","ast-site-content-layout":"","site-content-style":"default","site-sidebar-style":"default","ast-global-header-display":"","ast-banner-title-visibility":"","ast-main-header-display":"","ast-hfb-above-header-display":"","ast-hfb-below-header-display":"","ast-hfb-mobile-header-display":"","site-post-title":"","ast-breadcrumbs-content":"","ast-featured-img":"","footer-sml-layout":"","theme-transparent-header-meta":"","adv-header-id-meta":"","stick-header-meta":"","header-above-stick-meta":"","header-main-stick-meta":"","header-below-stick-meta":"","astra-migrate-meta-layouts":"default","ast-page-background-enabled":"default","ast-page-background-meta":{"desktop":{"background-color":"var(--ast-global-color-4)","background-image":"","background-repeat":"repeat","background-position":"center center","background-size":"auto","background-attachment":"scroll","background-type":"","background-media":"","overlay-type":"","overlay-color":"","overlay-gradient":""},"tablet":{"background-color":"","background-image":"","background-repeat":"repeat","background-position":"center center","background-size":"auto","background-attachment":"scroll","background-type":"","background-media":"","overlay-type":"","overlay-color":"","overlay-gradient":""},"mobile":{"background-color":"","background-image":"","background-repeat":"repeat","background-position":"center center","background-size":"auto","background-attachment":"scroll","background-type":"","background-media":"","overlay-type":"","overlay-color":"","overlay-gradient":""}},"ast-content-background-meta":{"desktop":{"background-color":"var(--ast-global-color-5)","background-image":"","background-repeat":"repeat","background-position":"center center","background-size":"auto","background-attachment":"scroll","background-type":"","background-media":"","overlay-type":"","overlay-color":"","overlay-gradient":""},"tablet":{"background-color":"var(--ast-global-color-5)","background-image":"","background-repeat":"repeat","background-position":"center center","background-size":"auto","background-attachment":"scroll","background-type":"","background-media":"","overlay-type":"","overlay-color":"","overlay-gradient":""},"mobile":{"background-color":"var(--ast-global-color-5)","background-image":"","background-repeat":"repeat","background-position":"center center","background-size":"auto","background-attachment":"scroll","background-type":"","background-media":"","overlay-type":"","overlay-color":"","overlay-gradient":""}},"footnotes":""},"categories":[2623,1140,1184,1141,1288],"tags":[17209,21900,45633,45634,32852,21901],"class_list":["post-14138","post","type-post","status-publish","format-standard","hentry","category-educacion-basica","category-formacion-y-empleo-de-profesores","category-organizacion-y-planificacion-de-la-educacion","category-pedagogia","category-preparacion-de-profesores","tag-luis-miguel-villar-angulo","tag-manuel-fernandez-cruz","tag-maria-purificacion-perez-garcia","tag-mercedes-gonzalez-sanmamed","tag-miguel-perez-ferra","tag-vicente-rodriguez-pedro-s-de"],"_links":{"self":[{"href":"https:\/\/www.deberes.net\/tesis\/wp-json\/wp\/v2\/posts\/14138","targetHints":{"allow":["GET"]}}],"collection":[{"href":"https:\/\/www.deberes.net\/tesis\/wp-json\/wp\/v2\/posts"}],"about":[{"href":"https:\/\/www.deberes.net\/tesis\/wp-json\/wp\/v2\/types\/post"}],"author":[{"embeddable":true,"href":"https:\/\/www.deberes.net\/tesis\/wp-json\/wp\/v2\/users\/1"}],"replies":[{"embeddable":true,"href":"https:\/\/www.deberes.net\/tesis\/wp-json\/wp\/v2\/comments?post=14138"}],"version-history":[{"count":0,"href":"https:\/\/www.deberes.net\/tesis\/wp-json\/wp\/v2\/posts\/14138\/revisions"}],"wp:attachment":[{"href":"https:\/\/www.deberes.net\/tesis\/wp-json\/wp\/v2\/media?parent=14138"}],"wp:term":[{"taxonomy":"category","embeddable":true,"href":"https:\/\/www.deberes.net\/tesis\/wp-json\/wp\/v2\/categories?post=14138"},{"taxonomy":"post_tag","embeddable":true,"href":"https:\/\/www.deberes.net\/tesis\/wp-json\/wp\/v2\/tags?post=14138"}],"curies":[{"name":"wp","href":"https:\/\/api.w.org\/{rel}","templated":true}]}}