{"id":141439,"date":"2026-01-12T18:02:25","date_gmt":"2026-01-12T18:02:25","guid":{"rendered":"https:\/\/www.deberes.net\/tesis\/sin-categoria\/linfomas-malignos-asociados-a-la-infeccion-por-el-virus-de-la-inmunodeficiencia-humana-estudio-clinico\/"},"modified":"2026-01-12T18:02:25","modified_gmt":"2026-01-12T18:02:25","slug":"linfomas-malignos-asociados-a-la-infeccion-por-el-virus-de-la-inmunodeficiencia-humana-estudio-clinico","status":"publish","type":"post","link":"https:\/\/www.deberes.net\/tesis\/ciencias-medicas\/linfomas-malignos-asociados-a-la-infeccion-por-el-virus-de-la-inmunodeficiencia-humana-estudio-clinico\/","title":{"rendered":"Linfomas malignos asociados a la infeccion por el virus de la inmunodeficiencia humana. estudio clinico."},"content":{"rendered":"<h2>Tesis doctoral de <strong> Rafael Rubio Garc\u00eda <\/strong><\/h2>\n<p>&nbsp;<\/p>\n<h3>Datos acad\u00e9micos de la tesis doctoral \u00ab<strong>Linfomas malignos asociados a la infeccion por el virus de la inmunodeficiencia humana. estudio clinico.<\/strong>\u00ab<\/h3>\n<ul>\n<li><strong>T\u00edtulo de la tesis:<\/strong>\u00a0 Linfomas malignos asociados a la infeccion por el virus de la inmunodeficiencia humana. estudio clinico. <\/li>\n<li><strong>Autor:<\/strong>\u00a0 Rafael Rubio Garc\u00eda <\/li>\n<li><strong>Universidad:<\/strong>\u00a0 Alcal\u00e1<\/li>\n<li><strong>Fecha de lectura de la tesis:<\/strong>\u00a0 01\/01\/1992<\/li>\n<\/ul>\n<p>&nbsp;<\/p>\n<h3>Direcci\u00f3n y tribunal<\/h3>\n<ul>\n<li><strong>Director de la tesis<\/strong>\n<ul>\n<li>Octavio Salmeron Vigil<\/li>\n<\/ul>\n<\/li>\n<li><strong>Tribunal<\/strong>\n<ul>\n<li>Presidente del tribunal: Melchor Alvarez De Mon Soto <\/li>\n<li>Jos\u00e9 Mar\u00eda Pe\u00f1a  Sanchez De Rivera (vocal)<\/li>\n<li>\u00e1ngel Del Palacio P\u00e9rez-medel (vocal)<\/li>\n<li>Consuelo Fernandez Miranda (vocal)<\/li>\n<\/ul>\n<\/li>\n<\/ul>\n<p>&nbsp;<\/p>\n","protected":false},"excerpt":{"rendered":"<p>Tesis doctoral de Rafael Rubio Garc\u00eda &nbsp; Datos acad\u00e9micos de la tesis doctoral \u00abLinfomas malignos asociados a la infeccion por [&hellip;]<\/p>\n","protected":false},"author":1,"featured_media":0,"comment_status":"open","ping_status":"open","sticky":false,"template":"","format":"standard","meta":{"site-sidebar-layout":"default","site-content-layout":"","ast-site-content-layout":"","site-content-style":"default","site-sidebar-style":"default","ast-global-header-display":"","ast-banner-title-visibility":"","ast-main-header-display":"","ast-hfb-above-header-display":"","ast-hfb-below-header-display":"","ast-hfb-mobile-header-display":"","site-post-title":"","ast-breadcrumbs-content":"","ast-featured-img":"","footer-sml-layout":"","theme-transparent-header-meta":"","adv-header-id-meta":"","stick-header-meta":"","header-above-stick-meta":"","header-main-stick-meta":"","header-below-stick-meta":"","astra-migrate-meta-layouts":"default","ast-page-background-enabled":"default","ast-page-background-meta":{"desktop":{"background-color":"var(--ast-global-color-4)","background-image":"","background-repeat":"repeat","background-position":"center center","background-size":"auto","background-attachment":"scroll","background-type":"","background-media":"","overlay-type":"","overlay-color":"","overlay-gradient":""},"tablet":{"background-color":"","background-image":"","background-repeat":"repeat","background-position":"center center","background-size":"auto","background-attachment":"scroll","background-type":"","background-media":"","overlay-type":"","overlay-color":"","overlay-gradient":""},"mobile":{"background-color":"","background-image":"","background-repeat":"repeat","background-position":"center center","background-size":"auto","background-attachment":"scroll","background-type":"","background-media":"","overlay-type":"","overlay-color":"","overlay-gradient":""}},"ast-content-background-meta":{"desktop":{"background-color":"var(--ast-global-color-5)","background-image":"","background-repeat":"repeat","background-position":"center center","background-size":"auto","background-attachment":"scroll","background-type":"","background-media":"","overlay-type":"","overlay-color":"","overlay-gradient":""},"tablet":{"background-color":"var(--ast-global-color-5)","background-image":"","background-repeat":"repeat","background-position":"center center","background-size":"auto","background-attachment":"scroll","background-type":"","background-media":"","overlay-type":"","overlay-color":"","overlay-gradient":""},"mobile":{"background-color":"var(--ast-global-color-5)","background-image":"","background-repeat":"repeat","background-position":"center center","background-size":"auto","background-attachment":"scroll","background-type":"","background-media":"","overlay-type":"","overlay-color":"","overlay-gradient":""}},"footnotes":""},"categories":[17426,155,9,347,156,2935],"tags":[5309,86210,15497,14431,107676,38439],"class_list":["post-141439","post","type-post","status-publish","format-standard","hentry","category-alcala","category-ciencias-clinicas","category-ciencias-medicas","category-oncologia-clinica","category-patologia","category-sindrome-de-inmunodeficiencia-adquirida","tag-angel-del-palacio-perez-medel","tag-consuelo-fernandez-miranda","tag-jose-maria-pena-sanchez-de-rivera","tag-melchor-alvarez-de-mon-soto","tag-octavio-salmeron-vigil","tag-rafael-rubio-garcia"],"_links":{"self":[{"href":"https:\/\/www.deberes.net\/tesis\/wp-json\/wp\/v2\/posts\/141439","targetHints":{"allow":["GET"]}}],"collection":[{"href":"https:\/\/www.deberes.net\/tesis\/wp-json\/wp\/v2\/posts"}],"about":[{"href":"https:\/\/www.deberes.net\/tesis\/wp-json\/wp\/v2\/types\/post"}],"author":[{"embeddable":true,"href":"https:\/\/www.deberes.net\/tesis\/wp-json\/wp\/v2\/users\/1"}],"replies":[{"embeddable":true,"href":"https:\/\/www.deberes.net\/tesis\/wp-json\/wp\/v2\/comments?post=141439"}],"version-history":[{"count":0,"href":"https:\/\/www.deberes.net\/tesis\/wp-json\/wp\/v2\/posts\/141439\/revisions"}],"wp:attachment":[{"href":"https:\/\/www.deberes.net\/tesis\/wp-json\/wp\/v2\/media?parent=141439"}],"wp:term":[{"taxonomy":"category","embeddable":true,"href":"https:\/\/www.deberes.net\/tesis\/wp-json\/wp\/v2\/categories?post=141439"},{"taxonomy":"post_tag","embeddable":true,"href":"https:\/\/www.deberes.net\/tesis\/wp-json\/wp\/v2\/tags?post=141439"}],"curies":[{"name":"wp","href":"https:\/\/api.w.org\/{rel}","templated":true}]}}