{"id":14144,"date":"2018-03-09T09:00:43","date_gmt":"2018-03-09T09:00:43","guid":{"rendered":"https:\/\/www.deberes.net\/tesis\/sin-categoria\/la-desamortizacion-de-mendizabal-y-espartero-en-la-provincia-de-leon-1836-1851\/"},"modified":"2018-03-09T09:00:43","modified_gmt":"2018-03-09T09:00:43","slug":"la-desamortizacion-de-mendizabal-y-espartero-en-la-provincia-de-leon-1836-1851","status":"publish","type":"post","link":"https:\/\/www.deberes.net\/tesis\/historia\/la-desamortizacion-de-mendizabal-y-espartero-en-la-provincia-de-leon-1836-1851\/","title":{"rendered":"La desamortizacion de mendizabal y espartero en la provincia de leon (1836-1851)"},"content":{"rendered":"<h2>Tesis doctoral de <strong> Mar\u00eda  Elena Aguado Cabezas <\/strong><\/h2>\n<p>En esta tesis doctoral se ha abordado el proceso desamortizacion del periodo mendiz\u00e1bal-espartero y sus antecedentes inmediatos, entendiendo que dicho proceso abarca tres secuencias diferentes:  la nacionalizaci\u00f3n de los patrimonios eclesi\u00e1sticos, con la correspondiente elaboraci\u00f3n de sus inventarios, una tarea crucial que influy\u00f3 poderosamente en la calidad de la gesti\u00f3n p\u00fablica de los bienes nacionales.  la administraci\u00f3n de todos esos bienes, de la que se deriv\u00f3 el arrendamiento de inmuebles y rentas durante todo el periodo, un hecho que tuvo consecuencias econ\u00f3micas para el estado y en el comportamiento del mercado de bienes nacionales.  en tercer lugar se analizan los resultados obtenidos en la venta de la mayor parte del patrimonio nacionalizado, as\u00ed como el papel jugado por los concejos vecinales ante la enajenaci\u00f3n de fincas y foros. Desde el punto de vista de los compradores y participantes en las subastas, en este estudio se ha realizado un analisis prosoprogr\u00e1fico de los primeros, para establecer el tipo de relaci\u00f3n que existe entre el hecho hist\u00f3rico de la desmortizaci\u00f3n y la formaci\u00f3n de las clases medias.<\/p>\n<p>&nbsp;<\/p>\n<h3>Datos acad\u00e9micos de la tesis doctoral \u00ab<strong>La desamortizacion de mendizabal y espartero en la provincia de leon (1836-1851)<\/strong>\u00ab<\/h3>\n<ul>\n<li><strong>T\u00edtulo de la tesis:<\/strong>\u00a0 La desamortizacion de mendizabal y espartero en la provincia de leon (1836-1851) <\/li>\n<li><strong>Autor:<\/strong>\u00a0 Mar\u00eda  Elena Aguado Cabezas <\/li>\n<li><strong>Universidad:<\/strong>\u00a0 Le\u00f3n<\/li>\n<li><strong>Fecha de lectura de la tesis:<\/strong>\u00a0 30\/11\/2001<\/li>\n<\/ul>\n<p>&nbsp;<\/p>\n<h3>Direcci\u00f3n y tribunal<\/h3>\n<ul>\n<li><strong>Director de la tesis<\/strong>\n<ul>\n<li>Francisco Caranto\u00f1a Alvarez<\/li>\n<\/ul>\n<\/li>\n<li><strong>Tribunal<\/strong>\n<ul>\n<li>Presidente del tribunal: ramon Villares paz <\/li>\n<li> Moro barre\u00f1ada Jos\u00e9 m. (vocal)<\/li>\n<li>\u00e1ngel Garc\u00eda sanz (vocal)<\/li>\n<li>felix Castrillejo iba\u00f1ez (vocal)<\/li>\n<\/ul>\n<\/li>\n<\/ul>\n<p>&nbsp;<\/p>\n","protected":false},"excerpt":{"rendered":"<p>Tesis doctoral de Mar\u00eda Elena Aguado Cabezas En esta tesis doctoral se ha abordado el proceso desamortizacion del periodo mendiz\u00e1bal-espartero [&hellip;]<\/p>\n","protected":false},"author":1,"featured_media":0,"comment_status":"open","ping_status":"open","sticky":false,"template":"","format":"standard","meta":{"site-sidebar-layout":"default","site-content-layout":"","ast-site-content-layout":"","site-content-style":"default","site-sidebar-style":"default","ast-global-header-display":"","ast-banner-title-visibility":"","ast-main-header-display":"","ast-hfb-above-header-display":"","ast-hfb-below-header-display":"","ast-hfb-mobile-header-display":"","site-post-title":"","ast-breadcrumbs-content":"","ast-featured-img":"","footer-sml-layout":"","theme-transparent-header-meta":"","adv-header-id-meta":"","stick-header-meta":"","header-above-stick-meta":"","header-main-stick-meta":"","header-below-stick-meta":"","astra-migrate-meta-layouts":"default","ast-page-background-enabled":"default","ast-page-background-meta":{"desktop":{"background-color":"var(--ast-global-color-4)","background-image":"","background-repeat":"repeat","background-position":"center center","background-size":"auto","background-attachment":"scroll","background-type":"","background-media":"","overlay-type":"","overlay-color":"","overlay-gradient":""},"tablet":{"background-color":"","background-image":"","background-repeat":"repeat","background-position":"center center","background-size":"auto","background-attachment":"scroll","background-type":"","background-media":"","overlay-type":"","overlay-color":"","overlay-gradient":""},"mobile":{"background-color":"","background-image":"","background-repeat":"repeat","background-position":"center center","background-size":"auto","background-attachment":"scroll","background-type":"","background-media":"","overlay-type":"","overlay-color":"","overlay-gradient":""}},"ast-content-background-meta":{"desktop":{"background-color":"var(--ast-global-color-5)","background-image":"","background-repeat":"repeat","background-position":"center center","background-size":"auto","background-attachment":"scroll","background-type":"","background-media":"","overlay-type":"","overlay-color":"","overlay-gradient":""},"tablet":{"background-color":"var(--ast-global-color-5)","background-image":"","background-repeat":"repeat","background-position":"center center","background-size":"auto","background-attachment":"scroll","background-type":"","background-media":"","overlay-type":"","overlay-color":"","overlay-gradient":""},"mobile":{"background-color":"var(--ast-global-color-5)","background-image":"","background-repeat":"repeat","background-position":"center center","background-size":"auto","background-attachment":"scroll","background-type":"","background-media":"","overlay-type":"","overlay-color":"","overlay-gradient":""}},"footnotes":""},"categories":[104,1816,220,4430],"tags":[6099,45654,42659,45652,45653,2911],"class_list":["post-14144","post","type-post","status-publish","format-standard","hentry","category-historia","category-historia-contemporanea","category-historia-por-epocas","category-leon","tag-angel-garcia-sanz","tag-felix-castrillejo-ibanez","tag-francisco-carantona-alvarez","tag-maria-elena-aguado-cabezas","tag-moro-barrenada-jose-m","tag-ramon-villares-paz"],"_links":{"self":[{"href":"https:\/\/www.deberes.net\/tesis\/wp-json\/wp\/v2\/posts\/14144","targetHints":{"allow":["GET"]}}],"collection":[{"href":"https:\/\/www.deberes.net\/tesis\/wp-json\/wp\/v2\/posts"}],"about":[{"href":"https:\/\/www.deberes.net\/tesis\/wp-json\/wp\/v2\/types\/post"}],"author":[{"embeddable":true,"href":"https:\/\/www.deberes.net\/tesis\/wp-json\/wp\/v2\/users\/1"}],"replies":[{"embeddable":true,"href":"https:\/\/www.deberes.net\/tesis\/wp-json\/wp\/v2\/comments?post=14144"}],"version-history":[{"count":0,"href":"https:\/\/www.deberes.net\/tesis\/wp-json\/wp\/v2\/posts\/14144\/revisions"}],"wp:attachment":[{"href":"https:\/\/www.deberes.net\/tesis\/wp-json\/wp\/v2\/media?parent=14144"}],"wp:term":[{"taxonomy":"category","embeddable":true,"href":"https:\/\/www.deberes.net\/tesis\/wp-json\/wp\/v2\/categories?post=14144"},{"taxonomy":"post_tag","embeddable":true,"href":"https:\/\/www.deberes.net\/tesis\/wp-json\/wp\/v2\/tags?post=14144"}],"curies":[{"name":"wp","href":"https:\/\/api.w.org\/{rel}","templated":true}]}}