{"id":14161,"date":"2018-03-09T09:00:44","date_gmt":"2018-03-09T09:00:44","guid":{"rendered":"https:\/\/www.deberes.net\/tesis\/sin-categoria\/la-desacarlizacion-del-arte-en-sevilla-en-el-siglo-xix\/"},"modified":"2018-03-09T09:00:44","modified_gmt":"2018-03-09T09:00:44","slug":"la-desacarlizacion-del-arte-en-sevilla-en-el-siglo-xix","status":"publish","type":"post","link":"https:\/\/www.deberes.net\/tesis\/historia\/la-desacarlizacion-del-arte-en-sevilla-en-el-siglo-xix\/","title":{"rendered":"La desacarlizaci\u00f3n del arte en sevilla en el siglo xix"},"content":{"rendered":"<h2>Tesis doctoral de <strong>  Rodr\u00edguez Oliva M. Carmen <\/strong><\/h2>\n<p>Investigaci\u00f3n sobre la trayectoria que mantiene el apsecto espiritual o religioso de esta \u00e9poca, \u00e1mbito en el que hemos detectado una crisis cuyo origen hemos buscado en los cambios que se ejercen en la sociedad del s.Xix.  el proceso desacralizador, como aspecto fundamental para tener un conocimiento m\u00e1s completo de parte de la historia y el arte de sevilla en este siglo.  dejamos constancia de la profunda crisis que se produce en el terreno religioso, pero vista desde diferentes par\u00e1metros y de forma interdisciplinar.<\/p>\n<p>&nbsp;<\/p>\n<h3>Datos acad\u00e9micos de la tesis doctoral \u00ab<strong>La desacarlizaci\u00f3n del arte en sevilla en el siglo xix<\/strong>\u00ab<\/h3>\n<ul>\n<li><strong>T\u00edtulo de la tesis:<\/strong>\u00a0 La desacarlizaci\u00f3n del arte en sevilla en el siglo xix <\/li>\n<li><strong>Autor:<\/strong>\u00a0  Rodr\u00edguez Oliva M. Carmen <\/li>\n<li><strong>Universidad:<\/strong>\u00a0 Sevilla<\/li>\n<li><strong>Fecha de lectura de la tesis:<\/strong>\u00a0 30\/11\/2001<\/li>\n<\/ul>\n<p>&nbsp;<\/p>\n<h3>Direcci\u00f3n y tribunal<\/h3>\n<ul>\n<li><strong>Director de la tesis<\/strong>\n<ul>\n<li>Enrique Valdivieso Gonz\u00e1lez<\/li>\n<\/ul>\n<\/li>\n<li><strong>Tribunal<\/strong>\n<ul>\n<li>Presidente del tribunal: Carlos Brasas egido <\/li>\n<li>isabel Osuna lucena (vocal)<\/li>\n<li>Jos\u00e9 Fern\u00e1ndez l\u00f3pez (vocal)<\/li>\n<li>Fernando Wulff alonso (vocal)<\/li>\n<\/ul>\n<\/li>\n<\/ul>\n<p>&nbsp;<\/p>\n","protected":false},"excerpt":{"rendered":"<p>Tesis doctoral de Rodr\u00edguez Oliva M. Carmen Investigaci\u00f3n sobre la trayectoria que mantiene el apsecto espiritual o religioso de esta [&hellip;]<\/p>\n","protected":false},"author":1,"featured_media":0,"comment_status":"open","ping_status":"open","sticky":false,"template":"","format":"standard","meta":{"site-sidebar-layout":"default","site-content-layout":"","ast-site-content-layout":"","site-content-style":"default","site-sidebar-style":"default","ast-global-header-display":"","ast-banner-title-visibility":"","ast-main-header-display":"","ast-hfb-above-header-display":"","ast-hfb-below-header-display":"","ast-hfb-mobile-header-display":"","site-post-title":"","ast-breadcrumbs-content":"","ast-featured-img":"","footer-sml-layout":"","theme-transparent-header-meta":"","adv-header-id-meta":"","stick-header-meta":"","header-above-stick-meta":"","header-main-stick-meta":"","header-below-stick-meta":"","astra-migrate-meta-layouts":"default","ast-page-background-enabled":"default","ast-page-background-meta":{"desktop":{"background-color":"var(--ast-global-color-4)","background-image":"","background-repeat":"repeat","background-position":"center center","background-size":"auto","background-attachment":"scroll","background-type":"","background-media":"","overlay-type":"","overlay-color":"","overlay-gradient":""},"tablet":{"background-color":"","background-image":"","background-repeat":"repeat","background-position":"center center","background-size":"auto","background-attachment":"scroll","background-type":"","background-media":"","overlay-type":"","overlay-color":"","overlay-gradient":""},"mobile":{"background-color":"","background-image":"","background-repeat":"repeat","background-position":"center center","background-size":"auto","background-attachment":"scroll","background-type":"","background-media":"","overlay-type":"","overlay-color":"","overlay-gradient":""}},"ast-content-background-meta":{"desktop":{"background-color":"var(--ast-global-color-5)","background-image":"","background-repeat":"repeat","background-position":"center center","background-size":"auto","background-attachment":"scroll","background-type":"","background-media":"","overlay-type":"","overlay-color":"","overlay-gradient":""},"tablet":{"background-color":"var(--ast-global-color-5)","background-image":"","background-repeat":"repeat","background-position":"center center","background-size":"auto","background-attachment":"scroll","background-type":"","background-media":"","overlay-type":"","overlay-color":"","overlay-gradient":""},"mobile":{"background-color":"var(--ast-global-color-5)","background-image":"","background-repeat":"repeat","background-position":"center center","background-size":"auto","background-attachment":"scroll","background-type":"","background-media":"","overlay-type":"","overlay-color":"","overlay-gradient":""}},"footnotes":""},"categories":[104,1014,2563,222,10715],"tags":[45697,11110,35233,45698,45699,45696],"class_list":["post-14161","post","type-post","status-publish","format-standard","hentry","category-historia","category-historia-del-arte","category-historia-del-arte-de-los-siglos-xix-y-xx","category-historias-especializadas","category-sevilla","tag-carlos-brasas-egido","tag-enrique-valdivieso-gonzalez","tag-fernando-wulff-alonso","tag-isabel-osuna-lucena","tag-jose-fernandez-lopez","tag-rodriguez-oliva-m-carmen"],"_links":{"self":[{"href":"https:\/\/www.deberes.net\/tesis\/wp-json\/wp\/v2\/posts\/14161","targetHints":{"allow":["GET"]}}],"collection":[{"href":"https:\/\/www.deberes.net\/tesis\/wp-json\/wp\/v2\/posts"}],"about":[{"href":"https:\/\/www.deberes.net\/tesis\/wp-json\/wp\/v2\/types\/post"}],"author":[{"embeddable":true,"href":"https:\/\/www.deberes.net\/tesis\/wp-json\/wp\/v2\/users\/1"}],"replies":[{"embeddable":true,"href":"https:\/\/www.deberes.net\/tesis\/wp-json\/wp\/v2\/comments?post=14161"}],"version-history":[{"count":0,"href":"https:\/\/www.deberes.net\/tesis\/wp-json\/wp\/v2\/posts\/14161\/revisions"}],"wp:attachment":[{"href":"https:\/\/www.deberes.net\/tesis\/wp-json\/wp\/v2\/media?parent=14161"}],"wp:term":[{"taxonomy":"category","embeddable":true,"href":"https:\/\/www.deberes.net\/tesis\/wp-json\/wp\/v2\/categories?post=14161"},{"taxonomy":"post_tag","embeddable":true,"href":"https:\/\/www.deberes.net\/tesis\/wp-json\/wp\/v2\/tags?post=14161"}],"curies":[{"name":"wp","href":"https:\/\/api.w.org\/{rel}","templated":true}]}}