{"id":141661,"date":"2018-03-11T13:21:49","date_gmt":"2018-03-11T13:21:49","guid":{"rendered":"https:\/\/www.deberes.net\/tesis\/sin-categoria\/espana-e-italia-en-la-europa-de-la-paz-armada-1890-1914\/"},"modified":"2018-03-11T13:21:49","modified_gmt":"2018-03-11T13:21:49","slug":"espana-e-italia-en-la-europa-de-la-paz-armada-1890-1914","status":"publish","type":"post","link":"https:\/\/www.deberes.net\/tesis\/historia\/espana-e-italia-en-la-europa-de-la-paz-armada-1890-1914\/","title":{"rendered":"Espa\u00f1a e italia en la europa de la paz armada (1890-1914)."},"content":{"rendered":"<h2>Tesis doctoral de <strong> Fernando Garcia Sanz <\/strong><\/h2>\n<p>La tesis doctoral espa\u00f1a e italia en la europa de la paz armada (1890-1914), tiene por objeto el estudio de las relaciones entre ambos estados y entre ambos pueblos, insertos en un contexto internacional definido por el enfrentamiento latente entre los distintos grupos de alianzas europeas. Si bien el per\u00edodo escogido podr\u00eda identificarse f\u00e1cilmente con unas coordenadas de \u00e1mbito europeo, ha sido configurado desde nuestro punto de vista por una particular propuesta cronol\u00f3gica de las relaciones hispano-italianas. As\u00ed, vendr\u00eda definido, desde sus extremos, por el proceso de desvanecimiento de la vinculaci\u00f3n de espa\u00f1a a la triple alianza a trav\u00e9s de italia y por el intento de reiniciar un particular acercamiento entre ambas pen\u00ednsulas mediterr\u00e1neas, perspectiva que se ve truncada por el estallido de la primera guerra mundial.\t en resumen, se trata de llevar a cabo el an\u00e1lisis de las relaciones concretas hispano-italianas, para obtener un primer esquema de los intereses inmediatos conectados a una com\u00fan y muy peculiar realidad europeo-mediterr\u00e1nea y, en un segundo nivel m\u00e1s global, de conseguir una perspectiva de las relaciones internacionales, del sistema internacional del momento, definida por la situaci\u00f3n concreta de ambos estados y vinculados por esa doble identidad a que nos hemos referido. sobre esos dos niveles, el desarrollo de nuestro trabajo se ha desenvuelto en torno a una estructura que viene determinada por tres ejes principales, el primero de los cuales conforma el estudio de las im\u00e1genes rec\u00edprocas, entendi\u00e9ndolo como el intento de captar el sustrato psicol\u00f3gico, captar esa realidad que subyace en las relaciones entre ambos pueblos y estados, y sin lo cual no se entender\u00edan ciertos comportamientos y ciertas actitudes. el segundo eje viene dado por la pol\u00edtica exterior o, de una forma quiz\u00e1s m\u00e1s exacta, por la forma en la que las acciones exteriores de espa\u00f1a e italia se insertan en una determinada realidad internacional. Es decir, el an\u00e1lisis de la posici\u00f3n internacional que ambos pueblos desempe\u00f1aban, imbricado con las posibles interinfluencias de sus respectivas posiciones, -de sus intereses v de sus ambiciones. Por \u00faltimo, el tercer eje estructural viene determinado por el estudio de las relaciones comerciales hispano-italianas. en buena medida, es un aspecto en el que se engloban los dos anteriores, en el que aparte de la ineludible y obvia referencia al desarrollo econ\u00f3mico de ambos estados, juegan un papel relevante tanto las im\u00e1genes rec\u00edprocas como el contexto general de la pol\u00edtica exterior. estas tres materias, im\u00e1genes rec\u00edprocas, pol\u00edtica exterior y relaciones comerciales, han sido abordadas de forma progresiva y reiterada, siguiendo por tanto un discurso  cronol\u00f3gico-tem\u00e1tico, a lo largo de los cinco cap\u00edtulos en los que hemos dividido nuestra tesis doctoral.<\/p>\n<p>&nbsp;<\/p>\n<h3>Datos acad\u00e9micos de la tesis doctoral \u00ab<strong>Espa\u00f1a e italia en la europa de la paz armada (1890-1914).<\/strong>\u00ab<\/h3>\n<ul>\n<li><strong>T\u00edtulo de la tesis:<\/strong>\u00a0 Espa\u00f1a e italia en la europa de la paz armada (1890-1914). <\/li>\n<li><strong>Autor:<\/strong>\u00a0 Fernando Garcia Sanz <\/li>\n<li><strong>Universidad:<\/strong>\u00a0 Complutense de Madrid<\/li>\n<li><strong>Fecha de lectura de la tesis:<\/strong>\u00a0 20\/05\/1992<\/li>\n<\/ul>\n<p>&nbsp;<\/p>\n<h3>Direcci\u00f3n y tribunal<\/h3>\n<ul>\n<li><strong>Director de la tesis<\/strong>\n<ul>\n<li>Manuel Espadas Burgos<\/li>\n<\/ul>\n<\/li>\n<li><strong>Tribunal<\/strong>\n<ul>\n<li>Presidente del tribunal: Jos\u00e9 Mar\u00eda Jover zamora <\/li>\n<li>Jos\u00e9 ram\u00f3n Urquijo goitia (vocal)<\/li>\n<li>Carlos Seco serrano (vocal)<\/li>\n<li>ismael Saz campos (vocal)<\/li>\n<\/ul>\n<\/li>\n<\/ul>\n<p>&nbsp;<\/p>\n","protected":false},"excerpt":{"rendered":"<p>Tesis doctoral de Fernando Garcia Sanz La tesis doctoral espa\u00f1a e italia en la europa de la paz armada (1890-1914), [&hellip;]<\/p>\n","protected":false},"author":1,"featured_media":0,"comment_status":"open","ping_status":"open","sticky":false,"template":"","format":"standard","meta":{"site-sidebar-layout":"default","site-content-layout":"","ast-site-content-layout":"","site-content-style":"default","site-sidebar-style":"default","ast-global-header-display":"","ast-banner-title-visibility":"","ast-main-header-display":"","ast-hfb-above-header-display":"","ast-hfb-below-header-display":"","ast-hfb-mobile-header-display":"","site-post-title":"","ast-breadcrumbs-content":"","ast-featured-img":"","footer-sml-layout":"","theme-transparent-header-meta":"","adv-header-id-meta":"","stick-header-meta":"","header-above-stick-meta":"","header-main-stick-meta":"","header-below-stick-meta":"","astra-migrate-meta-layouts":"default","ast-page-background-enabled":"default","ast-page-background-meta":{"desktop":{"background-color":"var(--ast-global-color-4)","background-image":"","background-repeat":"repeat","background-position":"center center","background-size":"auto","background-attachment":"scroll","background-type":"","background-media":"","overlay-type":"","overlay-color":"","overlay-gradient":""},"tablet":{"background-color":"","background-image":"","background-repeat":"repeat","background-position":"center center","background-size":"auto","background-attachment":"scroll","background-type":"","background-media":"","overlay-type":"","overlay-color":"","overlay-gradient":""},"mobile":{"background-color":"","background-image":"","background-repeat":"repeat","background-position":"center center","background-size":"auto","background-attachment":"scroll","background-type":"","background-media":"","overlay-type":"","overlay-color":"","overlay-gradient":""}},"ast-content-background-meta":{"desktop":{"background-color":"var(--ast-global-color-5)","background-image":"","background-repeat":"repeat","background-position":"center center","background-size":"auto","background-attachment":"scroll","background-type":"","background-media":"","overlay-type":"","overlay-color":"","overlay-gradient":""},"tablet":{"background-color":"var(--ast-global-color-5)","background-image":"","background-repeat":"repeat","background-position":"center center","background-size":"auto","background-attachment":"scroll","background-type":"","background-media":"","overlay-type":"","overlay-color":"","overlay-gradient":""},"mobile":{"background-color":"var(--ast-global-color-5)","background-image":"","background-repeat":"repeat","background-position":"center center","background-size":"auto","background-attachment":"scroll","background-type":"","background-media":"","overlay-type":"","overlay-color":"","overlay-gradient":""}},"footnotes":""},"categories":[986,104,1816,353,220],"tags":[376,76711,34989,24552,28996,7417],"class_list":["post-141661","post","type-post","status-publish","format-standard","hentry","category-complutense-de-madrid","category-historia","category-historia-contemporanea","category-historia-contemporanea-del-area-europea","category-historia-por-epocas","tag-carlos-seco-serrano","tag-fernando-garcia-sanz","tag-ismael-saz-campos","tag-jose-maria-jover-zamora","tag-jose-ramon-urquijo-goitia","tag-manuel-espadas-burgos"],"_links":{"self":[{"href":"https:\/\/www.deberes.net\/tesis\/wp-json\/wp\/v2\/posts\/141661","targetHints":{"allow":["GET"]}}],"collection":[{"href":"https:\/\/www.deberes.net\/tesis\/wp-json\/wp\/v2\/posts"}],"about":[{"href":"https:\/\/www.deberes.net\/tesis\/wp-json\/wp\/v2\/types\/post"}],"author":[{"embeddable":true,"href":"https:\/\/www.deberes.net\/tesis\/wp-json\/wp\/v2\/users\/1"}],"replies":[{"embeddable":true,"href":"https:\/\/www.deberes.net\/tesis\/wp-json\/wp\/v2\/comments?post=141661"}],"version-history":[{"count":0,"href":"https:\/\/www.deberes.net\/tesis\/wp-json\/wp\/v2\/posts\/141661\/revisions"}],"wp:attachment":[{"href":"https:\/\/www.deberes.net\/tesis\/wp-json\/wp\/v2\/media?parent=141661"}],"wp:term":[{"taxonomy":"category","embeddable":true,"href":"https:\/\/www.deberes.net\/tesis\/wp-json\/wp\/v2\/categories?post=141661"},{"taxonomy":"post_tag","embeddable":true,"href":"https:\/\/www.deberes.net\/tesis\/wp-json\/wp\/v2\/tags?post=141661"}],"curies":[{"name":"wp","href":"https:\/\/api.w.org\/{rel}","templated":true}]}}