{"id":14168,"date":"2018-03-09T09:00:45","date_gmt":"2018-03-09T09:00:45","guid":{"rendered":"https:\/\/www.deberes.net\/tesis\/sin-categoria\/la-educacion-a-distancia-a-traves-de-las-redes-de-comunicacion-una-aproximacion-a-las-actitudes-de-los-estudiantes\/"},"modified":"2018-03-09T09:00:45","modified_gmt":"2018-03-09T09:00:45","slug":"la-educacion-a-distancia-a-traves-de-las-redes-de-comunicacion-una-aproximacion-a-las-actitudes-de-los-estudiantes","status":"publish","type":"post","link":"https:\/\/www.deberes.net\/tesis\/psicologia\/la-educacion-a-distancia-a-traves-de-las-redes-de-comunicacion-una-aproximacion-a-las-actitudes-de-los-estudiantes\/","title":{"rendered":"La educacion a distancia a traves de las redes de comunicaci\u00f3n: una aproximacion a las actitudes de los estudiantes"},"content":{"rendered":"<h2>Tesis doctoral de <strong> Tomas Martinez Gimenez <\/strong><\/h2>\n<p>En este nuevo siglo la utilizacion de la tecnolog\u00eda en todos los planos de la actividad humana se esta convirtiendo en  una necesidad de primera magnitud. Es por este hecho que la introduccion de las nuevas tecnolog\u00edas (nntt) en los contextos escolares debe constituir un objetivo en si mismo, y no considerarse solo como una herramienta docente m\u00e1s. La insercion de las nnt debe orientarse a desarrollar en los estudiantes una capacitacion tecnica adecuada que les permita desenvolverse en una nueva sociedad y, aunque el principal desafio de la educacion actual es encontrar formas instruccionalmente justificables de insertar las nntt, tampoco podemos olvidar que los estudiantes son un parte activa del proceso educativo, con motivaciones y actitudes propias. Los nuevos entornos educativos suponen un cambio instruccional que va desde una metodolog\u00eda cerrada a unos procedimientos abiertos: ap. Colaborativo, cognicion distribuida, ap. Autonomo, ense\u00f1anza individualizada, comunicaci\u00f3n asincrona, actividad, etc. En definitiva, cuando solicitamos a los estudiantes la realizaci\u00f3n de actividades a traves de internet no solo les estamos pidiendo que hagan uso de una tecnolog\u00eda novedosa, sino que tambien les estamos exigiendo que modifiquen sus habitos de aprendizaje, reto que no resulta sencillo con unos estudiantes habituados a ser receptores pasivos. Esta apertura instruccional que requiere la incorporacion efectiva de las nntt nos situa, educativamente hablando, mas cerca de los sistemas de ense\u00f1anza a distancia (ed) que de los actuales modelos de ense\u00f1anza presencial.  el trabajo empirico de esta investigacion es una aproximacion a los mecanismos actitudinales relacionados con la participacion de los estudiantes en cursos abiertos y a distancia desarrollados a traves de internet (edi) y conocer igualmente los motivos que pueden producir el rechazo hacia estos nuevos sistemas educativos. El estudio de las actitudes de los estudiantes hacia la<\/p>\n<p>&nbsp;<\/p>\n<h3>Datos acad\u00e9micos de la tesis doctoral \u00ab<strong>La educacion a distancia a traves de las redes de comunicaci\u00f3n: una aproximacion a las actitudes de los estudiantes<\/strong>\u00ab<\/h3>\n<ul>\n<li><strong>T\u00edtulo de la tesis:<\/strong>\u00a0 La educacion a distancia a traves de las redes de comunicaci\u00f3n: una aproximacion a las actitudes de los estudiantes <\/li>\n<li><strong>Autor:<\/strong>\u00a0 Tomas Martinez Gimenez <\/li>\n<li><strong>Universidad:<\/strong>\u00a0 Universitat de val\u00e9ncia (estudi general)<\/li>\n<li><strong>Fecha de lectura de la tesis:<\/strong>\u00a0 30\/11\/2001<\/li>\n<\/ul>\n<p>&nbsp;<\/p>\n<h3>Direcci\u00f3n y tribunal<\/h3>\n<ul>\n<li><strong>Director de la tesis<\/strong>\n<ul>\n<li>Rafael Garcia Ros<\/li>\n<\/ul>\n<\/li>\n<li><strong>Tribunal<\/strong>\n<ul>\n<li>Presidente del tribunal: emilia Serra desfilis <\/li>\n<li>Fernando Domenech betoret (vocal)<\/li>\n<li>Francisco Alcantud marin (vocal)<\/li>\n<li>pedro Marques graell (vocal)<\/li>\n<\/ul>\n<\/li>\n<\/ul>\n<p>&nbsp;<\/p>\n","protected":false},"excerpt":{"rendered":"<p>Tesis doctoral de Tomas Martinez Gimenez En este nuevo siglo la utilizacion de la tecnolog\u00eda en todos los planos de [&hellip;]<\/p>\n","protected":false},"author":1,"featured_media":0,"comment_status":"open","ping_status":"open","sticky":false,"template":"","format":"standard","meta":{"site-sidebar-layout":"default","site-content-layout":"","ast-site-content-layout":"","site-content-style":"default","site-sidebar-style":"default","ast-global-header-display":"","ast-banner-title-visibility":"","ast-main-header-display":"","ast-hfb-above-header-display":"","ast-hfb-below-header-display":"","ast-hfb-mobile-header-display":"","site-post-title":"","ast-breadcrumbs-content":"","ast-featured-img":"","footer-sml-layout":"","theme-transparent-header-meta":"","adv-header-id-meta":"","stick-header-meta":"","header-above-stick-meta":"","header-main-stick-meta":"","header-below-stick-meta":"","astra-migrate-meta-layouts":"default","ast-page-background-enabled":"default","ast-page-background-meta":{"desktop":{"background-color":"var(--ast-global-color-4)","background-image":"","background-repeat":"repeat","background-position":"center center","background-size":"auto","background-attachment":"scroll","background-type":"","background-media":"","overlay-type":"","overlay-color":"","overlay-gradient":""},"tablet":{"background-color":"","background-image":"","background-repeat":"repeat","background-position":"center center","background-size":"auto","background-attachment":"scroll","background-type":"","background-media":"","overlay-type":"","overlay-color":"","overlay-gradient":""},"mobile":{"background-color":"","background-image":"","background-repeat":"repeat","background-position":"center center","background-size":"auto","background-attachment":"scroll","background-type":"","background-media":"","overlay-type":"","overlay-color":"","overlay-gradient":""}},"ast-content-background-meta":{"desktop":{"background-color":"var(--ast-global-color-5)","background-image":"","background-repeat":"repeat","background-position":"center center","background-size":"auto","background-attachment":"scroll","background-type":"","background-media":"","overlay-type":"","overlay-color":"","overlay-gradient":""},"tablet":{"background-color":"var(--ast-global-color-5)","background-image":"","background-repeat":"repeat","background-position":"center center","background-size":"auto","background-attachment":"scroll","background-type":"","background-media":"","overlay-type":"","overlay-color":"","overlay-gradient":""},"mobile":{"background-color":"var(--ast-global-color-5)","background-image":"","background-repeat":"repeat","background-position":"center center","background-size":"auto","background-attachment":"scroll","background-type":"","background-media":"","overlay-type":"","overlay-color":"","overlay-gradient":""}},"footnotes":""},"categories":[7757,5173,1141,2330,324,996,5174,1341],"tags":[12196,26980,12134,45719,12247,45718],"class_list":["post-14168","post","type-post","status-publish","format-standard","hentry","category-actitudes-sociales","category-metodos-educativos","category-pedagogia","category-pedagogia-experimental","category-psicologia","category-psicologia-social","category-psicopedagogia","category-teoria-y-metodos-educativos","tag-emilia-serra-desfilis","tag-fernando-domenech-betoret","tag-francisco-alcantud-marin","tag-pedro-marques-graell","tag-rafael-garcia-ros","tag-tomas-Martinez-gimenez"],"_links":{"self":[{"href":"https:\/\/www.deberes.net\/tesis\/wp-json\/wp\/v2\/posts\/14168","targetHints":{"allow":["GET"]}}],"collection":[{"href":"https:\/\/www.deberes.net\/tesis\/wp-json\/wp\/v2\/posts"}],"about":[{"href":"https:\/\/www.deberes.net\/tesis\/wp-json\/wp\/v2\/types\/post"}],"author":[{"embeddable":true,"href":"https:\/\/www.deberes.net\/tesis\/wp-json\/wp\/v2\/users\/1"}],"replies":[{"embeddable":true,"href":"https:\/\/www.deberes.net\/tesis\/wp-json\/wp\/v2\/comments?post=14168"}],"version-history":[{"count":0,"href":"https:\/\/www.deberes.net\/tesis\/wp-json\/wp\/v2\/posts\/14168\/revisions"}],"wp:attachment":[{"href":"https:\/\/www.deberes.net\/tesis\/wp-json\/wp\/v2\/media?parent=14168"}],"wp:term":[{"taxonomy":"category","embeddable":true,"href":"https:\/\/www.deberes.net\/tesis\/wp-json\/wp\/v2\/categories?post=14168"},{"taxonomy":"post_tag","embeddable":true,"href":"https:\/\/www.deberes.net\/tesis\/wp-json\/wp\/v2\/tags?post=14168"}],"curies":[{"name":"wp","href":"https:\/\/api.w.org\/{rel}","templated":true}]}}