{"id":141733,"date":"2026-01-12T18:04:48","date_gmt":"2026-01-12T18:04:48","guid":{"rendered":"https:\/\/www.deberes.net\/tesis\/sin-categoria\/estudio-antropometrico-infantil-de-la-comarca-del-alto-vinalopo\/"},"modified":"2026-01-12T18:04:48","modified_gmt":"2026-01-12T18:04:48","slug":"estudio-antropometrico-infantil-de-la-comarca-del-alto-vinalopo","status":"publish","type":"post","link":"https:\/\/www.deberes.net\/tesis\/ciencias-de-la-vida\/estudio-antropometrico-infantil-de-la-comarca-del-alto-vinalopo\/","title":{"rendered":"Estudio antropometrico infantil de la comarca del alto vinalopo."},"content":{"rendered":"<h2>Tesis doctoral de <strong>  Pomata Mu\u00f1oz Jos\u00e9 Antonio <\/strong><\/h2>\n<p>Estudio transversal de crecimiento realizado en ni\u00f1os y ni\u00f1as de 4 a 14 a\u00f1os ambos inclusive, circunscrito a la comarca del alto vinalopo. Sobre una muestra de 1.040 alumnos se tomaron un total de 24 medidas antropometricas, y se realizo un tratamiento estadistico que consto de:  &#8211; un estudio unidimensional formado por paquetes estadisticos clasificados por edades y comparando sexos, de todas las variables e indices comparados en las mismas, con sus correspondientes tablas y graficas.  &#8211; y un estudio bidimensional o de dos variables conjuntas con sus correspondientes coeficientes de correlacion, pendientes y rectas de regresion, para intentar establecer una relacion de crecimiento paralelo entre las mismas.  tras la obtencion de resultados se realizo la discusion, comparando con comarcas vecinas y otros estudios similares nacionales e internacionales, y llegamos a dos principales conclusiones:  1- observamos la no adecuacion de las tablas internacionales para el estudio de nuestros jovenes y concluimos en la necesidad de elaborar unas tablas propias de crecimiento.  2- se ha demostrado matematicamente la existencia de una relacion de crecimiento entre variables, expresado graficamente por las rectas de regresion, con lo que de util han de tener en la comprobacion de casos puntuales.<\/p>\n<p>&nbsp;<\/p>\n<h3>Datos acad\u00e9micos de la tesis doctoral \u00ab<strong>Estudio antropometrico infantil de la comarca del alto vinalopo.<\/strong>\u00ab<\/h3>\n<ul>\n<li><strong>T\u00edtulo de la tesis:<\/strong>\u00a0 Estudio antropometrico infantil de la comarca del alto vinalopo. <\/li>\n<li><strong>Autor:<\/strong>\u00a0  Pomata Mu\u00f1oz Jos\u00e9 Antonio <\/li>\n<li><strong>Universidad:<\/strong>\u00a0 Alicante<\/li>\n<li><strong>Fecha de lectura de la tesis:<\/strong>\u00a0 01\/01\/1993<\/li>\n<\/ul>\n<p>&nbsp;<\/p>\n<h3>Direcci\u00f3n y tribunal<\/h3>\n<ul>\n<li><strong>Director de la tesis<\/strong>\n<ul>\n<li>Francisco Jos\u00e9 S\u00e1nchez Del Campo<\/li>\n<\/ul>\n<\/li>\n<li><strong>Tribunal<\/strong>\n<ul>\n<li>Presidente del tribunal: Victor Smith Agreda <\/li>\n<li>Alfonso Panchon Ruiz (vocal)<\/li>\n<li>Elvira Ferres Torres (vocal)<\/li>\n<li>Manuel Herrera Lara (vocal)<\/li>\n<\/ul>\n<\/li>\n<\/ul>\n<p>&nbsp;<\/p>\n","protected":false},"excerpt":{"rendered":"<p>Tesis doctoral de Pomata Mu\u00f1oz Jos\u00e9 Antonio Estudio transversal de crecimiento realizado en ni\u00f1os y ni\u00f1as de 4 a 14 [&hellip;]<\/p>\n","protected":false},"author":1,"featured_media":0,"comment_status":"open","ping_status":"open","sticky":false,"template":"","format":"standard","meta":{"site-sidebar-layout":"default","site-content-layout":"","ast-site-content-layout":"","site-content-style":"default","site-sidebar-style":"default","ast-global-header-display":"","ast-banner-title-visibility":"","ast-main-header-display":"","ast-hfb-above-header-display":"","ast-hfb-below-header-display":"","ast-hfb-mobile-header-display":"","site-post-title":"","ast-breadcrumbs-content":"","ast-featured-img":"","footer-sml-layout":"","theme-transparent-header-meta":"","adv-header-id-meta":"","stick-header-meta":"","header-above-stick-meta":"","header-main-stick-meta":"","header-below-stick-meta":"","astra-migrate-meta-layouts":"default","ast-page-background-enabled":"default","ast-page-background-meta":{"desktop":{"background-color":"var(--ast-global-color-4)","background-image":"","background-repeat":"repeat","background-position":"center center","background-size":"auto","background-attachment":"scroll","background-type":"","background-media":"","overlay-type":"","overlay-color":"","overlay-gradient":""},"tablet":{"background-color":"","background-image":"","background-repeat":"repeat","background-position":"center center","background-size":"auto","background-attachment":"scroll","background-type":"","background-media":"","overlay-type":"","overlay-color":"","overlay-gradient":""},"mobile":{"background-color":"","background-image":"","background-repeat":"repeat","background-position":"center center","background-size":"auto","background-attachment":"scroll","background-type":"","background-media":"","overlay-type":"","overlay-color":"","overlay-gradient":""}},"ast-content-background-meta":{"desktop":{"background-color":"var(--ast-global-color-5)","background-image":"","background-repeat":"repeat","background-position":"center center","background-size":"auto","background-attachment":"scroll","background-type":"","background-media":"","overlay-type":"","overlay-color":"","overlay-gradient":""},"tablet":{"background-color":"var(--ast-global-color-5)","background-image":"","background-repeat":"repeat","background-position":"center center","background-size":"auto","background-attachment":"scroll","background-type":"","background-media":"","overlay-type":"","overlay-color":"","overlay-gradient":""},"mobile":{"background-color":"var(--ast-global-color-5)","background-image":"","background-repeat":"repeat","background-position":"center center","background-size":"auto","background-attachment":"scroll","background-type":"","background-media":"","overlay-type":"","overlay-color":"","overlay-gradient":""}},"footnotes":""},"categories":[19166,867,922,11825,212,35],"tags":[33108,7915,12138,12140,256412,8033],"class_list":["post-141733","post","type-post","status-publish","format-standard","hentry","category-alicante","category-anatomia-humana","category-antropologia-fisica","category-antropometria-y-antropologia-forense","category-biologia-humana","category-ciencias-de-la-vida","tag-alfonso-panchon-ruiz","tag-elvira-ferres-torres","tag-francisco-jose-sanchez-del-campo","tag-manuel-herrera-lara","tag-pomata-munoz-jose-antonio","tag-victor-smith-agreda"],"_links":{"self":[{"href":"https:\/\/www.deberes.net\/tesis\/wp-json\/wp\/v2\/posts\/141733","targetHints":{"allow":["GET"]}}],"collection":[{"href":"https:\/\/www.deberes.net\/tesis\/wp-json\/wp\/v2\/posts"}],"about":[{"href":"https:\/\/www.deberes.net\/tesis\/wp-json\/wp\/v2\/types\/post"}],"author":[{"embeddable":true,"href":"https:\/\/www.deberes.net\/tesis\/wp-json\/wp\/v2\/users\/1"}],"replies":[{"embeddable":true,"href":"https:\/\/www.deberes.net\/tesis\/wp-json\/wp\/v2\/comments?post=141733"}],"version-history":[{"count":0,"href":"https:\/\/www.deberes.net\/tesis\/wp-json\/wp\/v2\/posts\/141733\/revisions"}],"wp:attachment":[{"href":"https:\/\/www.deberes.net\/tesis\/wp-json\/wp\/v2\/media?parent=141733"}],"wp:term":[{"taxonomy":"category","embeddable":true,"href":"https:\/\/www.deberes.net\/tesis\/wp-json\/wp\/v2\/categories?post=141733"},{"taxonomy":"post_tag","embeddable":true,"href":"https:\/\/www.deberes.net\/tesis\/wp-json\/wp\/v2\/tags?post=141733"}],"curies":[{"name":"wp","href":"https:\/\/api.w.org\/{rel}","templated":true}]}}