{"id":141745,"date":"2026-01-12T18:04:57","date_gmt":"2026-01-12T18:04:57","guid":{"rendered":"https:\/\/www.deberes.net\/tesis\/sin-categoria\/estudio-de-la-pradera-de-posidonia-oceanica-de-la-reserva-marina-de-tabarca\/"},"modified":"2026-01-12T18:04:57","modified_gmt":"2026-01-12T18:04:57","slug":"estudio-de-la-pradera-de-posidonia-oceanica-de-la-reserva-marina-de-tabarca","status":"publish","type":"post","link":"https:\/\/www.deberes.net\/tesis\/ciencias-de-la-tierra-y-del-espacio\/estudio-de-la-pradera-de-posidonia-oceanica-de-la-reserva-marina-de-tabarca\/","title":{"rendered":"Estudio de la pradera de posidonia oceanica de la reserva marina de tabarca"},"content":{"rendered":"<h2>Tesis doctoral de <strong> Jos\u00e9 Lu\u00eds S\u00e1nchez Lizaso <\/strong><\/h2>\n<p>La pradera de posidonia oceanica de tabarca presenta un desarrollo optimo caracterizado por presentar elevados valores de densidad, cobertura, biomasa, indice foliar y produccion. La produccion primaria alcanza valores de 2,5 kg m-2 a-1 a 4 m de profundidad y disminuye a lo largo del gradiente batimetrico.  el principal herbivoro en la reserva marina de tabarca es el esparido sarpa salpa. El pastoreo por esta especie es tan intenso en la pradera superficial que llega a provocar la muerte de algunos haces.  se describen drasticos cambios morfologicos en la posidonia superficial que afectan principalmente a la anchura y a la longitud de las hojas.  se ha realizado, ademas, un inventario de la aparicion de flores y\/o frutos de posidonia en la peninsula iberica y baleares y un estudio de las paleofloraciones en tabarca.  se realiza un particular incapie en la comparacion de los resultados obtenidos en tabarca con otras praderas del mediterraneo.<\/p>\n<p>&nbsp;<\/p>\n<h3>Datos acad\u00e9micos de la tesis doctoral \u00ab<strong>Estudio de la pradera de posidonia oceanica de la reserva marina de tabarca<\/strong>\u00ab<\/h3>\n<ul>\n<li><strong>T\u00edtulo de la tesis:<\/strong>\u00a0 Estudio de la pradera de posidonia oceanica de la reserva marina de tabarca <\/li>\n<li><strong>Autor:<\/strong>\u00a0 Jos\u00e9 Lu\u00eds S\u00e1nchez Lizaso <\/li>\n<li><strong>Universidad:<\/strong>\u00a0 Alicante<\/li>\n<li><strong>Fecha de lectura de la tesis:<\/strong>\u00a0 01\/01\/1993<\/li>\n<\/ul>\n<p>&nbsp;<\/p>\n<h3>Direcci\u00f3n y tribunal<\/h3>\n<ul>\n<li><strong>Director de la tesis<\/strong>\n<ul>\n<li>Alfonso Angel Ramos Espl\u00e1<\/li>\n<\/ul>\n<\/li>\n<li><strong>Tribunal<\/strong>\n<ul>\n<li>Presidente del tribunal: Javier Romero Martinengo <\/li>\n<li>Fernando Boisset Lopez (vocal)<\/li>\n<li>Francois Boudouresque Charles (vocal)<\/li>\n<li>Marta Perez Vallmitjana (vocal)<\/li>\n<\/ul>\n<\/li>\n<\/ul>\n<p>&nbsp;<\/p>\n","protected":false},"excerpt":{"rendered":"<p>Tesis doctoral de Jos\u00e9 Lu\u00eds S\u00e1nchez Lizaso La pradera de posidonia oceanica de tabarca presenta un desarrollo optimo caracterizado por [&hellip;]<\/p>\n","protected":false},"author":1,"featured_media":0,"comment_status":"open","ping_status":"open","sticky":false,"template":"","format":"standard","meta":{"site-sidebar-layout":"default","site-content-layout":"","ast-site-content-layout":"","site-content-style":"default","site-sidebar-style":"default","ast-global-header-display":"","ast-banner-title-visibility":"","ast-main-header-display":"","ast-hfb-above-header-display":"","ast-hfb-below-header-display":"","ast-hfb-mobile-header-display":"","site-post-title":"","ast-breadcrumbs-content":"","ast-featured-img":"","footer-sml-layout":"","theme-transparent-header-meta":"","adv-header-id-meta":"","stick-header-meta":"","header-above-stick-meta":"","header-main-stick-meta":"","header-below-stick-meta":"","astra-migrate-meta-layouts":"default","ast-page-background-enabled":"default","ast-page-background-meta":{"desktop":{"background-color":"var(--ast-global-color-4)","background-image":"","background-repeat":"repeat","background-position":"center center","background-size":"auto","background-attachment":"scroll","background-type":"","background-media":"","overlay-type":"","overlay-color":"","overlay-gradient":""},"tablet":{"background-color":"","background-image":"","background-repeat":"repeat","background-position":"center center","background-size":"auto","background-attachment":"scroll","background-type":"","background-media":"","overlay-type":"","overlay-color":"","overlay-gradient":""},"mobile":{"background-color":"","background-image":"","background-repeat":"repeat","background-position":"center center","background-size":"auto","background-attachment":"scroll","background-type":"","background-media":"","overlay-type":"","overlay-color":"","overlay-gradient":""}},"ast-content-background-meta":{"desktop":{"background-color":"var(--ast-global-color-5)","background-image":"","background-repeat":"repeat","background-position":"center center","background-size":"auto","background-attachment":"scroll","background-type":"","background-media":"","overlay-type":"","overlay-color":"","overlay-gradient":""},"tablet":{"background-color":"var(--ast-global-color-5)","background-image":"","background-repeat":"repeat","background-position":"center center","background-size":"auto","background-attachment":"scroll","background-type":"","background-media":"","overlay-type":"","overlay-color":"","overlay-gradient":""},"mobile":{"background-color":"var(--ast-global-color-5)","background-image":"","background-repeat":"repeat","background-position":"center center","background-size":"auto","background-attachment":"scroll","background-type":"","background-media":"","overlay-type":"","overlay-color":"","overlay-gradient":""}},"footnotes":""},"categories":[19166,27,228,13195,15748],"tags":[81546,237607,256423,8228,126326,201880],"class_list":["post-141745","post","type-post","status-publish","format-standard","hentry","category-alicante","category-ciencias-de-la-tierra-y-del-espacio","category-oceanografia","category-oceanografia-biologica","category-procesos-litorales-y-sublitorales","tag-alfonso-angel-ramos-espla","tag-fernando-boisset-lopez","tag-francois-boudouresque-charles","tag-javier-romero-martinengo","tag-jose-luis-sanchez-lizaso","tag-marta-perez-vallmitjana"],"_links":{"self":[{"href":"https:\/\/www.deberes.net\/tesis\/wp-json\/wp\/v2\/posts\/141745","targetHints":{"allow":["GET"]}}],"collection":[{"href":"https:\/\/www.deberes.net\/tesis\/wp-json\/wp\/v2\/posts"}],"about":[{"href":"https:\/\/www.deberes.net\/tesis\/wp-json\/wp\/v2\/types\/post"}],"author":[{"embeddable":true,"href":"https:\/\/www.deberes.net\/tesis\/wp-json\/wp\/v2\/users\/1"}],"replies":[{"embeddable":true,"href":"https:\/\/www.deberes.net\/tesis\/wp-json\/wp\/v2\/comments?post=141745"}],"version-history":[{"count":0,"href":"https:\/\/www.deberes.net\/tesis\/wp-json\/wp\/v2\/posts\/141745\/revisions"}],"wp:attachment":[{"href":"https:\/\/www.deberes.net\/tesis\/wp-json\/wp\/v2\/media?parent=141745"}],"wp:term":[{"taxonomy":"category","embeddable":true,"href":"https:\/\/www.deberes.net\/tesis\/wp-json\/wp\/v2\/categories?post=141745"},{"taxonomy":"post_tag","embeddable":true,"href":"https:\/\/www.deberes.net\/tesis\/wp-json\/wp\/v2\/tags?post=141745"}],"curies":[{"name":"wp","href":"https:\/\/api.w.org\/{rel}","templated":true}]}}