{"id":141771,"date":"2026-01-12T18:05:11","date_gmt":"2026-01-12T18:05:11","guid":{"rendered":"https:\/\/www.deberes.net\/tesis\/sin-categoria\/los-verbos-neutros-latinos-y-la-transitividad-de-la-antiguedad-al-renacimiento-analisis-historico-gramatical-y-linguistico\/"},"modified":"2026-01-12T18:05:11","modified_gmt":"2026-01-12T18:05:11","slug":"los-verbos-neutros-latinos-y-la-transitividad-de-la-antiguedad-al-renacimiento-analisis-historico-gramatical-y-linguistico","status":"publish","type":"post","link":"https:\/\/www.deberes.net\/tesis\/linguistica\/los-verbos-neutros-latinos-y-la-transitividad-de-la-antiguedad-al-renacimiento-analisis-historico-gramatical-y-linguistico\/","title":{"rendered":"\u00ablos verbos neutros latinos y la transitividad de la antiguedad al renacimiento. analisis historico-gramatical y linguistico\u00bb."},"content":{"rendered":"<h2>Tesis doctoral de <strong>  Harto Trujillo M. Luisa <\/strong><\/h2>\n<p>La tesis consiste en un estudio historico-gramatical y linguistico sobre el verbo latino en general y sobre el verbo neutro o intransitivo en particular. Se analizan asi diacronicamente las diversas teorias gramaticales sobre estos verbos en la antiguedad clasica, edad media y renacimiento, hasta la figura del brocense. Ademas, aportamos, en la primera parte de la tesis, un analisis sobre el comportamiento de unos 250 verbos neutros en las diversas etapas de la latinidad. La segunda parte de la tesis consiste en el analisis linguistico de los verbos latinos, centrandonos en un plano semantico y en un plano sintactico o de realizacion en la lengua latina, en este sentido. Destaca la revision de las categorias tradicionales de verbo transitivo-intransitivo, negadas en la actualidad por numerosos linguistas.<\/p>\n<p>&nbsp;<\/p>\n<h3>Datos acad\u00e9micos de la tesis doctoral \u00ab<strong>\u00ablos verbos neutros latinos y la transitividad de la antiguedad al renacimiento. analisis historico-gramatical y linguistico\u00bb.<\/strong>\u00ab<\/h3>\n<ul>\n<li><strong>T\u00edtulo de la tesis:<\/strong>\u00a0 \u00ablos verbos neutros latinos y la transitividad de la antiguedad al renacimiento. analisis historico-gramatical y linguistico\u00bb. <\/li>\n<li><strong>Autor:<\/strong>\u00a0  Harto Trujillo M. Luisa <\/li>\n<li><strong>Universidad:<\/strong>\u00a0 Extremadura<\/li>\n<li><strong>Fecha de lectura de la tesis:<\/strong>\u00a0 01\/01\/1993<\/li>\n<\/ul>\n<p>&nbsp;<\/p>\n<h3>Direcci\u00f3n y tribunal<\/h3>\n<ul>\n<li><strong>Director de la tesis<\/strong>\n<ul>\n<li>Eustaquio Sanchez Salor<\/li>\n<\/ul>\n<\/li>\n<li><strong>Tribunal<\/strong>\n<ul>\n<li>Presidente del tribunal: C\u00e9sar Chaparro G\u00f3mez <\/li>\n<li>Benjam\u00edn Garc\u00eda Hern\u00e1ndez (vocal)<\/li>\n<li> Moralejo Alvarez Jos\u00e9 Luis (vocal)<\/li>\n<li>Enrique Montero Cartelle (vocal)<\/li>\n<\/ul>\n<\/li>\n<\/ul>\n<p>&nbsp;<\/p>\n","protected":false},"excerpt":{"rendered":"<p>Tesis doctoral de Harto Trujillo M. Luisa La tesis consiste en un estudio historico-gramatical y linguistico sobre el verbo latino [&hellip;]<\/p>\n","protected":false},"author":1,"featured_media":0,"comment_status":"open","ping_status":"open","sticky":false,"template":"","format":"standard","meta":{"site-sidebar-layout":"default","site-content-layout":"","ast-site-content-layout":"","site-content-style":"default","site-sidebar-style":"default","ast-global-header-display":"","ast-banner-title-visibility":"","ast-main-header-display":"","ast-hfb-above-header-display":"","ast-hfb-below-header-display":"","ast-hfb-mobile-header-display":"","site-post-title":"","ast-breadcrumbs-content":"","ast-featured-img":"","footer-sml-layout":"","theme-transparent-header-meta":"","adv-header-id-meta":"","stick-header-meta":"","header-above-stick-meta":"","header-main-stick-meta":"","header-below-stick-meta":"","astra-migrate-meta-layouts":"default","ast-page-background-enabled":"default","ast-page-background-meta":{"desktop":{"background-color":"var(--ast-global-color-4)","background-image":"","background-repeat":"repeat","background-position":"center center","background-size":"auto","background-attachment":"scroll","background-type":"","background-media":"","overlay-type":"","overlay-color":"","overlay-gradient":""},"tablet":{"background-color":"","background-image":"","background-repeat":"repeat","background-position":"center center","background-size":"auto","background-attachment":"scroll","background-type":"","background-media":"","overlay-type":"","overlay-color":"","overlay-gradient":""},"mobile":{"background-color":"","background-image":"","background-repeat":"repeat","background-position":"center center","background-size":"auto","background-attachment":"scroll","background-type":"","background-media":"","overlay-type":"","overlay-color":"","overlay-gradient":""}},"ast-content-background-meta":{"desktop":{"background-color":"var(--ast-global-color-5)","background-image":"","background-repeat":"repeat","background-position":"center center","background-size":"auto","background-attachment":"scroll","background-type":"","background-media":"","overlay-type":"","overlay-color":"","overlay-gradient":""},"tablet":{"background-color":"var(--ast-global-color-5)","background-image":"","background-repeat":"repeat","background-position":"center center","background-size":"auto","background-attachment":"scroll","background-type":"","background-media":"","overlay-type":"","overlay-color":"","overlay-gradient":""},"mobile":{"background-color":"var(--ast-global-color-5)","background-image":"","background-repeat":"repeat","background-position":"center center","background-size":"auto","background-attachment":"scroll","background-type":"","background-media":"","overlay-type":"","overlay-color":"","overlay-gradient":""}},"footnotes":""},"categories":[949,636,59,60,62,409],"tags":[8142,8044,12725,8046,256452,689],"class_list":["post-141771","post","type-post","status-publish","format-standard","hentry","category-extremadura","category-lengua-y-literatura","category-linguistica","category-linguistica-aplicada","category-linguistica-sincronica","category-sintaxis-y-analisis-sintactico","tag-benjamin-garcia-hernandez","tag-cesar-chaparro-gomez","tag-enrique-montero-cartelle","tag-eustaquio-sanchez-salor","tag-harto-trujillo-m-luisa","tag-moralejo-alvarez-jose-luis"],"_links":{"self":[{"href":"https:\/\/www.deberes.net\/tesis\/wp-json\/wp\/v2\/posts\/141771","targetHints":{"allow":["GET"]}}],"collection":[{"href":"https:\/\/www.deberes.net\/tesis\/wp-json\/wp\/v2\/posts"}],"about":[{"href":"https:\/\/www.deberes.net\/tesis\/wp-json\/wp\/v2\/types\/post"}],"author":[{"embeddable":true,"href":"https:\/\/www.deberes.net\/tesis\/wp-json\/wp\/v2\/users\/1"}],"replies":[{"embeddable":true,"href":"https:\/\/www.deberes.net\/tesis\/wp-json\/wp\/v2\/comments?post=141771"}],"version-history":[{"count":0,"href":"https:\/\/www.deberes.net\/tesis\/wp-json\/wp\/v2\/posts\/141771\/revisions"}],"wp:attachment":[{"href":"https:\/\/www.deberes.net\/tesis\/wp-json\/wp\/v2\/media?parent=141771"}],"wp:term":[{"taxonomy":"category","embeddable":true,"href":"https:\/\/www.deberes.net\/tesis\/wp-json\/wp\/v2\/categories?post=141771"},{"taxonomy":"post_tag","embeddable":true,"href":"https:\/\/www.deberes.net\/tesis\/wp-json\/wp\/v2\/tags?post=141771"}],"curies":[{"name":"wp","href":"https:\/\/api.w.org\/{rel}","templated":true}]}}