{"id":141779,"date":"2026-01-12T18:05:15","date_gmt":"2026-01-12T18:05:15","guid":{"rendered":"https:\/\/www.deberes.net\/tesis\/sin-categoria\/modelos-de-funcion-de-transferencia-para-series-de-precipitacion-en-la-peninsula-iberica\/"},"modified":"2026-01-12T18:05:15","modified_gmt":"2026-01-12T18:05:15","slug":"modelos-de-funcion-de-transferencia-para-series-de-precipitacion-en-la-peninsula-iberica","status":"publish","type":"post","link":"https:\/\/www.deberes.net\/tesis\/ciencias-de-la-tierra-y-del-espacio\/modelos-de-funcion-de-transferencia-para-series-de-precipitacion-en-la-peninsula-iberica\/","title":{"rendered":"Modelos de funcion de transferencia para series de precipitacion en la peninsula iberica."},"content":{"rendered":"<h2>Tesis doctoral de <strong>  Mateos Masa Vidal Luis <\/strong><\/h2>\n<p>En este trabajo se aplican los modelos de funcion de transferencia a un conjunto de 19 series de precipitacion mensual de la peninsula iberica, usando como predictores las temperaturas de la superficie del mar y la presion a nivel del mar en el atlantico norte, el mediterraneo occidental y las presiones locales en los observatorios de la peninsula iberica. Los modelos ofrecen mejores resultados en la zona donde la influencia atlantica es mayor y llega a explicar hasta el 73% de la varianza inicial de las series en el caso mas favorable.  la dificultad que se presenta para que los modelos sean validos para el pronostico, radica en la escala de tiempo manejada (mensual), por lo que se sugiere disminuir el intervalo temporal para lograr un desfase temporal en la maxima correlacion entre las variables que se usan como predictores y la precipitacion peninsular.<\/p>\n<p>&nbsp;<\/p>\n<h3>Datos acad\u00e9micos de la tesis doctoral \u00ab<strong>Modelos de funcion de transferencia para series de precipitacion en la peninsula iberica.<\/strong>\u00ab<\/h3>\n<ul>\n<li><strong>T\u00edtulo de la tesis:<\/strong>\u00a0 Modelos de funcion de transferencia para series de precipitacion en la peninsula iberica. <\/li>\n<li><strong>Autor:<\/strong>\u00a0  Mateos Masa Vidal Luis <\/li>\n<li><strong>Universidad:<\/strong>\u00a0 Extremadura<\/li>\n<li><strong>Fecha de lectura de la tesis:<\/strong>\u00a0 01\/01\/1993<\/li>\n<\/ul>\n<p>&nbsp;<\/p>\n<h3>Direcci\u00f3n y tribunal<\/h3>\n<ul>\n<li><strong>Director de la tesis<\/strong>\n<ul>\n<li>Jos\u00e9 Agust\u00edn Garc\u00eda Garc\u00eda<\/li>\n<\/ul>\n<\/li>\n<li><strong>Tribunal<\/strong>\n<ul>\n<li>Presidente del tribunal: Emiliano Hern\u00e1ndez Mart\u00edn <\/li>\n<li> P\u00e9rez Garc\u00eda Pedro Jes\u00fas (vocal)<\/li>\n<li>Jos\u00e9 Morales Bruque (vocal)<\/li>\n<li> Del Teso Martin Teresa (vocal)<\/li>\n<\/ul>\n<\/li>\n<\/ul>\n<p>&nbsp;<\/p>\n","protected":false},"excerpt":{"rendered":"<p>Tesis doctoral de Mateos Masa Vidal Luis En este trabajo se aplican los modelos de funcion de transferencia a un [&hellip;]<\/p>\n","protected":false},"author":1,"featured_media":0,"comment_status":"open","ping_status":"open","sticky":false,"template":"","format":"standard","meta":{"site-sidebar-layout":"default","site-content-layout":"","ast-site-content-layout":"","site-content-style":"default","site-sidebar-style":"default","ast-global-header-display":"","ast-banner-title-visibility":"","ast-main-header-display":"","ast-hfb-above-header-display":"","ast-hfb-below-header-display":"","ast-hfb-mobile-header-display":"","site-post-title":"","ast-breadcrumbs-content":"","ast-featured-img":"","footer-sml-layout":"","theme-transparent-header-meta":"","adv-header-id-meta":"","stick-header-meta":"","header-above-stick-meta":"","header-main-stick-meta":"","header-below-stick-meta":"","astra-migrate-meta-layouts":"default","ast-page-background-enabled":"default","ast-page-background-meta":{"desktop":{"background-color":"var(--ast-global-color-4)","background-image":"","background-repeat":"repeat","background-position":"center center","background-size":"auto","background-attachment":"scroll","background-type":"","background-media":"","overlay-type":"","overlay-color":"","overlay-gradient":""},"tablet":{"background-color":"","background-image":"","background-repeat":"repeat","background-position":"center center","background-size":"auto","background-attachment":"scroll","background-type":"","background-media":"","overlay-type":"","overlay-color":"","overlay-gradient":""},"mobile":{"background-color":"","background-image":"","background-repeat":"repeat","background-position":"center center","background-size":"auto","background-attachment":"scroll","background-type":"","background-media":"","overlay-type":"","overlay-color":"","overlay-gradient":""}},"ast-content-background-meta":{"desktop":{"background-color":"var(--ast-global-color-5)","background-image":"","background-repeat":"repeat","background-position":"center center","background-size":"auto","background-attachment":"scroll","background-type":"","background-media":"","overlay-type":"","overlay-color":"","overlay-gradient":""},"tablet":{"background-color":"var(--ast-global-color-5)","background-image":"","background-repeat":"repeat","background-position":"center center","background-size":"auto","background-attachment":"scroll","background-type":"","background-media":"","overlay-type":"","overlay-color":"","overlay-gradient":""},"mobile":{"background-color":"var(--ast-global-color-5)","background-image":"","background-repeat":"repeat","background-position":"center center","background-size":"auto","background-attachment":"scroll","background-type":"","background-media":"","overlay-type":"","overlay-color":"","overlay-gradient":""}},"footnotes":""},"categories":[27,4329,12364,949,429,33029],"tags":[256461,6033,19589,4410,38238,43396],"class_list":["post-141779","post","type-post","status-publish","format-standard","hentry","category-ciencias-de-la-tierra-y-del-espacio","category-climatologia","category-climatologia-aplicada","category-extremadura","category-meteorologia","category-prediccion-numerica-meteorologica","tag-del-teso-martin-teresa","tag-emiliano-hernandez-martin","tag-jose-agustin-garcia-garcia","tag-jose-morales-bruque","tag-mateos-masa-vidal-luis","tag-perez-garcia-pedro-jesus"],"_links":{"self":[{"href":"https:\/\/www.deberes.net\/tesis\/wp-json\/wp\/v2\/posts\/141779","targetHints":{"allow":["GET"]}}],"collection":[{"href":"https:\/\/www.deberes.net\/tesis\/wp-json\/wp\/v2\/posts"}],"about":[{"href":"https:\/\/www.deberes.net\/tesis\/wp-json\/wp\/v2\/types\/post"}],"author":[{"embeddable":true,"href":"https:\/\/www.deberes.net\/tesis\/wp-json\/wp\/v2\/users\/1"}],"replies":[{"embeddable":true,"href":"https:\/\/www.deberes.net\/tesis\/wp-json\/wp\/v2\/comments?post=141779"}],"version-history":[{"count":0,"href":"https:\/\/www.deberes.net\/tesis\/wp-json\/wp\/v2\/posts\/141779\/revisions"}],"wp:attachment":[{"href":"https:\/\/www.deberes.net\/tesis\/wp-json\/wp\/v2\/media?parent=141779"}],"wp:term":[{"taxonomy":"category","embeddable":true,"href":"https:\/\/www.deberes.net\/tesis\/wp-json\/wp\/v2\/categories?post=141779"},{"taxonomy":"post_tag","embeddable":true,"href":"https:\/\/www.deberes.net\/tesis\/wp-json\/wp\/v2\/tags?post=141779"}],"curies":[{"name":"wp","href":"https:\/\/api.w.org\/{rel}","templated":true}]}}