{"id":141794,"date":"2026-01-12T18:05:27","date_gmt":"2026-01-12T18:05:27","guid":{"rendered":"https:\/\/www.deberes.net\/tesis\/sin-categoria\/auditoria-de-la-formacio-professional-continua-a-les-empreses-hoteleres-de-mallorca\/"},"modified":"2026-01-12T18:05:27","modified_gmt":"2026-01-12T18:05:27","slug":"auditoria-de-la-formacio-professional-continua-a-les-empreses-hoteleres-de-mallorca","status":"publish","type":"post","link":"https:\/\/www.deberes.net\/tesis\/pedagogia\/auditoria-de-la-formacio-professional-continua-a-les-empreses-hoteleres-de-mallorca\/","title":{"rendered":"Auditoria de la formacio professional continua a les empreses hoteleres de mallorca"},"content":{"rendered":"<h2>Tesis doctoral de <strong> Francisca Salva Mut <\/strong><\/h2>\n<p>El objetivo central de la tesis es elaborar un estado de la cuestion y propuestas de actuacion respecto de la formacion profesional continua en la empresa (fpce) en el sector hotelero de mallorca. Se estructura en dos partes.  la primera es principalmente de fundamentacion teoria y esta formada por tres capitulos referidos respectivamente a la pedagogia de la fpce, a la fpce en europa y a la fpce en las grandes cadenas hoteleras. En la segunda parte se estudian las relaciones entre la realidad de la fpce y las necesidades formativas del sector. Y, finalmente, se elabora el informe de auditoria, que incluye diagnostico, propuestas y orientaciones para la accion.  la perspectiva metodologica que se adopta es la de la auditoria de la formacion. En este contexto se utilizan diversas metodolog\u00edas en relacion a las caracteristicas de cada capitulo: analisis documental, estudio de campo y panel de expertos.  las conclusiones evidencian el nivel incipiente de la fpce en el sector hotelero de mallorca, asi como los puntos debiles y ventajas que presenta la situacion actual. A partir de este diagnostico, se plantean orientaciones y propuestas concretas de accion.<\/p>\n<p>&nbsp;<\/p>\n<h3>Datos acad\u00e9micos de la tesis doctoral \u00ab<strong>Auditoria de la formacio professional continua a les empreses hoteleres de mallorca<\/strong>\u00ab<\/h3>\n<ul>\n<li><strong>T\u00edtulo de la tesis:<\/strong>\u00a0 Auditoria de la formacio professional continua a les empreses hoteleres de mallorca <\/li>\n<li><strong>Autor:<\/strong>\u00a0 Francisca Salva Mut <\/li>\n<li><strong>Universidad:<\/strong>\u00a0 Illes balears<\/li>\n<li><strong>Fecha de lectura de la tesis:<\/strong>\u00a0 01\/01\/1993<\/li>\n<\/ul>\n<p>&nbsp;<\/p>\n<h3>Direcci\u00f3n y tribunal<\/h3>\n<ul>\n<li><strong>Director de la tesis<\/strong>\n<ul>\n<li>Antonio  J. Colom Ca\u00f1ellas<\/li>\n<\/ul>\n<\/li>\n<li><strong>Tribunal<\/strong>\n<ul>\n<li>Presidente del tribunal: Gonz\u00e1lo V\u00e1zquez G\u00f3mez <\/li>\n<li>Mart\u00ed Xavier March Cerd? (vocal)<\/li>\n<li>Jaume Sarramona L\u00f3pez (vocal)<\/li>\n<li>Petra Mar\u00eda P\u00e9rez Alonso-geta (vocal)<\/li>\n<\/ul>\n<\/li>\n<\/ul>\n<p>&nbsp;<\/p>\n","protected":false},"excerpt":{"rendered":"<p>Tesis doctoral de Francisca Salva Mut El objetivo central de la tesis es elaborar un estado de la cuestion y [&hellip;]<\/p>\n","protected":false},"author":1,"featured_media":0,"comment_status":"open","ping_status":"open","sticky":false,"template":"","format":"standard","meta":{"site-sidebar-layout":"default","site-content-layout":"","ast-site-content-layout":"","site-content-style":"default","site-sidebar-style":"default","ast-global-header-display":"","ast-banner-title-visibility":"","ast-main-header-display":"","ast-hfb-above-header-display":"","ast-hfb-below-header-display":"","ast-hfb-mobile-header-display":"","site-post-title":"","ast-breadcrumbs-content":"","ast-featured-img":"","footer-sml-layout":"","theme-transparent-header-meta":"","adv-header-id-meta":"","stick-header-meta":"","header-above-stick-meta":"","header-main-stick-meta":"","header-below-stick-meta":"","astra-migrate-meta-layouts":"default","ast-page-background-enabled":"default","ast-page-background-meta":{"desktop":{"background-color":"var(--ast-global-color-4)","background-image":"","background-repeat":"repeat","background-position":"center center","background-size":"auto","background-attachment":"scroll","background-type":"","background-media":"","overlay-type":"","overlay-color":"","overlay-gradient":""},"tablet":{"background-color":"","background-image":"","background-repeat":"repeat","background-position":"center center","background-size":"auto","background-attachment":"scroll","background-type":"","background-media":"","overlay-type":"","overlay-color":"","overlay-gradient":""},"mobile":{"background-color":"","background-image":"","background-repeat":"repeat","background-position":"center center","background-size":"auto","background-attachment":"scroll","background-type":"","background-media":"","overlay-type":"","overlay-color":"","overlay-gradient":""}},"ast-content-background-meta":{"desktop":{"background-color":"var(--ast-global-color-5)","background-image":"","background-repeat":"repeat","background-position":"center center","background-size":"auto","background-attachment":"scroll","background-type":"","background-media":"","overlay-type":"","overlay-color":"","overlay-gradient":""},"tablet":{"background-color":"var(--ast-global-color-5)","background-image":"","background-repeat":"repeat","background-position":"center center","background-size":"auto","background-attachment":"scroll","background-type":"","background-media":"","overlay-type":"","overlay-color":"","overlay-gradient":""},"mobile":{"background-color":"var(--ast-global-color-5)","background-image":"","background-repeat":"repeat","background-position":"center center","background-size":"auto","background-attachment":"scroll","background-type":"","background-media":"","overlay-type":"","overlay-color":"","overlay-gradient":""}},"footnotes":""},"categories":[1183,19034,7611,1184,1141],"tags":[5717,37321,6224,6227,18829,17390],"class_list":["post-141794","post","type-post","status-publish","format-standard","hentry","category-formacion-profesional","category-illes-balears","category-organizacion-y-direccion-de-las-instituciones-educativas","category-organizacion-y-planificacion-de-la-educacion","category-pedagogia","tag-antonio-j-colom-canellas","tag-francisca-salva-mut","tag-gonzalo-vazquez-gomez","tag-jaume-sarramona-lopez","tag-marti-xavier-march-cerd","tag-petra-maria-perez-alonso-geta"],"_links":{"self":[{"href":"https:\/\/www.deberes.net\/tesis\/wp-json\/wp\/v2\/posts\/141794","targetHints":{"allow":["GET"]}}],"collection":[{"href":"https:\/\/www.deberes.net\/tesis\/wp-json\/wp\/v2\/posts"}],"about":[{"href":"https:\/\/www.deberes.net\/tesis\/wp-json\/wp\/v2\/types\/post"}],"author":[{"embeddable":true,"href":"https:\/\/www.deberes.net\/tesis\/wp-json\/wp\/v2\/users\/1"}],"replies":[{"embeddable":true,"href":"https:\/\/www.deberes.net\/tesis\/wp-json\/wp\/v2\/comments?post=141794"}],"version-history":[{"count":0,"href":"https:\/\/www.deberes.net\/tesis\/wp-json\/wp\/v2\/posts\/141794\/revisions"}],"wp:attachment":[{"href":"https:\/\/www.deberes.net\/tesis\/wp-json\/wp\/v2\/media?parent=141794"}],"wp:term":[{"taxonomy":"category","embeddable":true,"href":"https:\/\/www.deberes.net\/tesis\/wp-json\/wp\/v2\/categories?post=141794"},{"taxonomy":"post_tag","embeddable":true,"href":"https:\/\/www.deberes.net\/tesis\/wp-json\/wp\/v2\/tags?post=141794"}],"curies":[{"name":"wp","href":"https:\/\/api.w.org\/{rel}","templated":true}]}}