{"id":141823,"date":"2026-01-12T18:05:41","date_gmt":"2026-01-12T18:05:41","guid":{"rendered":"https:\/\/www.deberes.net\/tesis\/sin-categoria\/empleo-y-progreso-tecnico-en-la-industria-textil-espanola-1961-a-1988\/"},"modified":"2026-01-12T18:05:41","modified_gmt":"2026-01-12T18:05:41","slug":"empleo-y-progreso-tecnico-en-la-industria-textil-espanola-1961-a-1988","status":"publish","type":"post","link":"https:\/\/www.deberes.net\/tesis\/ciencias-economicas\/empleo-y-progreso-tecnico-en-la-industria-textil-espanola-1961-a-1988\/","title":{"rendered":"Empleo y progreso tecnico en la industria textil espa\u00f1ola: 1961 a 1988"},"content":{"rendered":"<h2>Tesis doctoral de <strong> Fernando Balcells Gonzalez <\/strong><\/h2>\n<p>El objeto de la investigacion es el estudio del cambio provocado por la evolucion del entorno de la industria textil y confeccion espa\u00f1ola para el periodo 1961 a 1988.  la industria textil ha sido caracterizada como una industria madura ajena al progreso tecnologico, lo que no es cierto. Se describen las innovaciones que se han introducido en el proceso productivo del textil y de la confeccion, el alcance de los mismos y el proceso de difusion de los mas importantes: el telar sin lanzadera y la hilatura open-end, comparando la difusion en espa\u00f1a con la ocurrida en otros paises. Se estudia la relacion funcional entre la produccion (valor a\u00f1adido), el empleo y el capital, tanto para el conjunto del textil y la confeccion, como para niveles de agregacion inferiores (textil, confeccion, preparacion-hilatura-tisaje y genero de punto) utilizando las formulaciones de cobb-douglas y de elasticidad de sustitucion constante (ces), aplicadas a los periodos 1961-88, 1961-78 y 1978-88. Se estudian los efectos sobre el empleo.<\/p>\n<p>&nbsp;<\/p>\n<h3>Datos acad\u00e9micos de la tesis doctoral \u00ab<strong>Empleo y progreso tecnico en la industria textil espa\u00f1ola: 1961 a 1988<\/strong>\u00ab<\/h3>\n<ul>\n<li><strong>T\u00edtulo de la tesis:<\/strong>\u00a0 Empleo y progreso tecnico en la industria textil espa\u00f1ola: 1961 a 1988 <\/li>\n<li><strong>Autor:<\/strong>\u00a0 Fernando Balcells Gonzalez <\/li>\n<li><strong>Universidad:<\/strong>\u00a0 Barcelona<\/li>\n<li><strong>Fecha de lectura de la tesis:<\/strong>\u00a0 01\/01\/1993<\/li>\n<\/ul>\n<p>&nbsp;<\/p>\n<h3>Direcci\u00f3n y tribunal<\/h3>\n<ul>\n<li><strong>Director de la tesis<\/strong>\n<ul>\n<li>Jos\u00e9 Antonio Garc\u00eda Dur\u00e1n De Lara<\/li>\n<\/ul>\n<\/li>\n<li><strong>Tribunal<\/strong>\n<ul>\n<li>Presidente del tribunal: Carles Calleja Xifre <\/li>\n<li>Juan Fern\u00e1ndez De Castro Ribera (vocal)<\/li>\n<li>Antoni Serra Ramoneda (vocal)<\/li>\n<li>Enric Genesca Gonzalez (vocal)<\/li>\n<\/ul>\n<\/li>\n<\/ul>\n<p>&nbsp;<\/p>\n","protected":false},"excerpt":{"rendered":"<p>Tesis doctoral de Fernando Balcells Gonzalez El objeto de la investigacion es el estudio del cambio provocado por la evolucion [&hellip;]<\/p>\n","protected":false},"author":1,"featured_media":0,"comment_status":"open","ping_status":"open","sticky":false,"template":"","format":"standard","meta":{"site-sidebar-layout":"default","site-content-layout":"","ast-site-content-layout":"","site-content-style":"default","site-sidebar-style":"default","ast-global-header-display":"","ast-banner-title-visibility":"","ast-main-header-display":"","ast-hfb-above-header-display":"","ast-hfb-below-header-display":"","ast-hfb-mobile-header-display":"","site-post-title":"","ast-breadcrumbs-content":"","ast-featured-img":"","footer-sml-layout":"","theme-transparent-header-meta":"","adv-header-id-meta":"","stick-header-meta":"","header-above-stick-meta":"","header-main-stick-meta":"","header-below-stick-meta":"","astra-migrate-meta-layouts":"default","ast-page-background-enabled":"default","ast-page-background-meta":{"desktop":{"background-color":"var(--ast-global-color-4)","background-image":"","background-repeat":"repeat","background-position":"center center","background-size":"auto","background-attachment":"scroll","background-type":"","background-media":"","overlay-type":"","overlay-color":"","overlay-gradient":""},"tablet":{"background-color":"","background-image":"","background-repeat":"repeat","background-position":"center center","background-size":"auto","background-attachment":"scroll","background-type":"","background-media":"","overlay-type":"","overlay-color":"","overlay-gradient":""},"mobile":{"background-color":"","background-image":"","background-repeat":"repeat","background-position":"center center","background-size":"auto","background-attachment":"scroll","background-type":"","background-media":"","overlay-type":"","overlay-color":"","overlay-gradient":""}},"ast-content-background-meta":{"desktop":{"background-color":"var(--ast-global-color-5)","background-image":"","background-repeat":"repeat","background-position":"center center","background-size":"auto","background-attachment":"scroll","background-type":"","background-media":"","overlay-type":"","overlay-color":"","overlay-gradient":""},"tablet":{"background-color":"var(--ast-global-color-5)","background-image":"","background-repeat":"repeat","background-position":"center center","background-size":"auto","background-attachment":"scroll","background-type":"","background-media":"","overlay-type":"","overlay-color":"","overlay-gradient":""},"mobile":{"background-color":"var(--ast-global-color-5)","background-image":"","background-repeat":"repeat","background-position":"center center","background-size":"auto","background-attachment":"scroll","background-type":"","background-media":"","overlay-type":"","overlay-color":"","overlay-gradient":""}},"footnotes":""},"categories":[951,82,836,991,737,4725],"tags":[47291,115787,256512,256511,12680,11753],"class_list":["post-141823","post","type-post","status-publish","format-standard","hentry","category-barcelona","category-ciencias-economicas","category-economia-del-cambio-tecnologico","category-innovacion-tecnologica","category-teoria-economica","category-teoria-y-modelos-de-empleo","tag-antoni-serra-ramoneda","tag-carles-calleja-xifre","tag-enric-genesca-gonzalez","tag-fernando-balcells-gonzalez","tag-jose-antonio-garcia-duran-de-lara","tag-juan-fernandez-de-castro-ribera"],"_links":{"self":[{"href":"https:\/\/www.deberes.net\/tesis\/wp-json\/wp\/v2\/posts\/141823","targetHints":{"allow":["GET"]}}],"collection":[{"href":"https:\/\/www.deberes.net\/tesis\/wp-json\/wp\/v2\/posts"}],"about":[{"href":"https:\/\/www.deberes.net\/tesis\/wp-json\/wp\/v2\/types\/post"}],"author":[{"embeddable":true,"href":"https:\/\/www.deberes.net\/tesis\/wp-json\/wp\/v2\/users\/1"}],"replies":[{"embeddable":true,"href":"https:\/\/www.deberes.net\/tesis\/wp-json\/wp\/v2\/comments?post=141823"}],"version-history":[{"count":0,"href":"https:\/\/www.deberes.net\/tesis\/wp-json\/wp\/v2\/posts\/141823\/revisions"}],"wp:attachment":[{"href":"https:\/\/www.deberes.net\/tesis\/wp-json\/wp\/v2\/media?parent=141823"}],"wp:term":[{"taxonomy":"category","embeddable":true,"href":"https:\/\/www.deberes.net\/tesis\/wp-json\/wp\/v2\/categories?post=141823"},{"taxonomy":"post_tag","embeddable":true,"href":"https:\/\/www.deberes.net\/tesis\/wp-json\/wp\/v2\/tags?post=141823"}],"curies":[{"name":"wp","href":"https:\/\/api.w.org\/{rel}","templated":true}]}}