{"id":142119,"date":"2026-01-12T18:08:27","date_gmt":"2026-01-12T18:08:27","guid":{"rendered":"https:\/\/www.deberes.net\/tesis\/sin-categoria\/asociacion-hla-y-esclerosis-multiple-en-la-provincia-de-cadiz\/"},"modified":"2026-01-12T18:08:27","modified_gmt":"2026-01-12T18:08:27","slug":"asociacion-hla-y-esclerosis-multiple-en-la-provincia-de-cadiz","status":"publish","type":"post","link":"https:\/\/www.deberes.net\/tesis\/ciencias-medicas\/asociacion-hla-y-esclerosis-multiple-en-la-provincia-de-cadiz\/","title":{"rendered":"Asociacion hla y esclerosis multiple en la provincia de cadiz."},"content":{"rendered":"<h2>Tesis doctoral de <strong> Jose Rojano Delicado <\/strong><\/h2>\n<p>Las asociaciones entre el sistema hla y ciertas enfermedades cobra cada dia mas interes, por muchos motivos. La esclerosis multiple es una de estas enfermedades, cuya asociacion al sistema hla ha sido puesta de manifiesto en otros ambitos, pero muy poco estudiada en nuestro pais, donde resulta de particular interes por los resultados heterogeneos e inconsistentes que se han obtenido en toda la region mediterranea.  nuestro estudio abarca 60 casos de esclerosis multiple, catalogados segun los criterios de poser, y en los que se comprobo la ley de hardy-weimberg para los grupos ab0, mas 100 controles sanos. Se analizan comparativamente las frecuencias fenotipicas hla bajo test estadisticos apropiados y rigurosos, correlacionando estos resultados con variables clinicas y epidemiologicas segun subgrupos, algunas de ellas nunca analizadas. Se han obtenido potentes resultados que asocian a ciertos alelos hla nunca descritos con este proceso. Se discuten los fenotipos hla de la poblacion gaditana, por primera vez tipada a este respecto, y se extraen importantes conclusiones que nos acercan a la oscura etiopatogenia de la enfermedad y al papel biologico que pueden jugar los alelos hla en estos casos.<\/p>\n<p>&nbsp;<\/p>\n<h3>Datos acad\u00e9micos de la tesis doctoral \u00ab<strong>Asociacion hla y esclerosis multiple en la provincia de cadiz.<\/strong>\u00ab<\/h3>\n<ul>\n<li><strong>T\u00edtulo de la tesis:<\/strong>\u00a0 Asociacion hla y esclerosis multiple en la provincia de cadiz. <\/li>\n<li><strong>Autor:<\/strong>\u00a0 Jose Rojano Delicado <\/li>\n<li><strong>Universidad:<\/strong>\u00a0 C\u00e1diz<\/li>\n<li><strong>Fecha de lectura de la tesis:<\/strong>\u00a0 01\/01\/1993<\/li>\n<\/ul>\n<p>&nbsp;<\/p>\n<h3>Direcci\u00f3n y tribunal<\/h3>\n<ul>\n<li><strong>Director de la tesis<\/strong>\n<ul>\n<li>Avelino Senra Varela<\/li>\n<\/ul>\n<\/li>\n<li><strong>Tribunal<\/strong>\n<ul>\n<li>Presidente del tribunal: Joaqu\u00edn Calap Calatayud <\/li>\n<li>Jos\u00e9 Antonio Gir\u00f3n Gonz\u00e1lez (vocal)<\/li>\n<li>Domingo Espinos Perez (vocal)<\/li>\n<li>Manuel Martinez Lage (vocal)<\/li>\n<\/ul>\n<\/li>\n<\/ul>\n<p>&nbsp;<\/p>\n","protected":false},"excerpt":{"rendered":"<p>Tesis doctoral de Jose Rojano Delicado Las asociaciones entre el sistema hla y ciertas enfermedades cobra cada dia mas interes, [&hellip;]<\/p>\n","protected":false},"author":1,"featured_media":0,"comment_status":"open","ping_status":"open","sticky":false,"template":"","format":"standard","meta":{"site-sidebar-layout":"default","site-content-layout":"","ast-site-content-layout":"","site-content-style":"default","site-sidebar-style":"default","ast-global-header-display":"","ast-banner-title-visibility":"","ast-main-header-display":"","ast-hfb-above-header-display":"","ast-hfb-below-header-display":"","ast-hfb-mobile-header-display":"","site-post-title":"","ast-breadcrumbs-content":"","ast-featured-img":"","footer-sml-layout":"","theme-transparent-header-meta":"","adv-header-id-meta":"","stick-header-meta":"","header-above-stick-meta":"","header-main-stick-meta":"","header-below-stick-meta":"","astra-migrate-meta-layouts":"default","ast-page-background-enabled":"default","ast-page-background-meta":{"desktop":{"background-color":"var(--ast-global-color-4)","background-image":"","background-repeat":"repeat","background-position":"center center","background-size":"auto","background-attachment":"scroll","background-type":"","background-media":"","overlay-type":"","overlay-color":"","overlay-gradient":""},"tablet":{"background-color":"","background-image":"","background-repeat":"repeat","background-position":"center center","background-size":"auto","background-attachment":"scroll","background-type":"","background-media":"","overlay-type":"","overlay-color":"","overlay-gradient":""},"mobile":{"background-color":"","background-image":"","background-repeat":"repeat","background-position":"center center","background-size":"auto","background-attachment":"scroll","background-type":"","background-media":"","overlay-type":"","overlay-color":"","overlay-gradient":""}},"ast-content-background-meta":{"desktop":{"background-color":"var(--ast-global-color-5)","background-image":"","background-repeat":"repeat","background-position":"center center","background-size":"auto","background-attachment":"scroll","background-type":"","background-media":"","overlay-type":"","overlay-color":"","overlay-gradient":""},"tablet":{"background-color":"var(--ast-global-color-5)","background-image":"","background-repeat":"repeat","background-position":"center center","background-size":"auto","background-attachment":"scroll","background-type":"","background-media":"","overlay-type":"","overlay-color":"","overlay-gradient":""},"mobile":{"background-color":"var(--ast-global-color-5)","background-image":"","background-repeat":"repeat","background-position":"center center","background-size":"auto","background-attachment":"scroll","background-type":"","background-media":"","overlay-type":"","overlay-color":"","overlay-gradient":""}},"footnotes":""},"categories":[1506,35,9,1737,139,1880],"tags":[1732,897,1659,10865,256842,18033],"class_list":["post-142119","post","type-post","status-publish","format-standard","hentry","category-cadiz","category-ciencias-de-la-vida","category-ciencias-medicas","category-inmunologia","category-medicina-interna","category-neurologia","tag-avelino-senra-varela","tag-domingo-espinos-perez","tag-joaquin-calap-calatayud","tag-jose-antonio-giron-gonzalez","tag-jose-rojano-delicado","tag-manuel-Martinez-lage"],"_links":{"self":[{"href":"https:\/\/www.deberes.net\/tesis\/wp-json\/wp\/v2\/posts\/142119","targetHints":{"allow":["GET"]}}],"collection":[{"href":"https:\/\/www.deberes.net\/tesis\/wp-json\/wp\/v2\/posts"}],"about":[{"href":"https:\/\/www.deberes.net\/tesis\/wp-json\/wp\/v2\/types\/post"}],"author":[{"embeddable":true,"href":"https:\/\/www.deberes.net\/tesis\/wp-json\/wp\/v2\/users\/1"}],"replies":[{"embeddable":true,"href":"https:\/\/www.deberes.net\/tesis\/wp-json\/wp\/v2\/comments?post=142119"}],"version-history":[{"count":0,"href":"https:\/\/www.deberes.net\/tesis\/wp-json\/wp\/v2\/posts\/142119\/revisions"}],"wp:attachment":[{"href":"https:\/\/www.deberes.net\/tesis\/wp-json\/wp\/v2\/media?parent=142119"}],"wp:term":[{"taxonomy":"category","embeddable":true,"href":"https:\/\/www.deberes.net\/tesis\/wp-json\/wp\/v2\/categories?post=142119"},{"taxonomy":"post_tag","embeddable":true,"href":"https:\/\/www.deberes.net\/tesis\/wp-json\/wp\/v2\/tags?post=142119"}],"curies":[{"name":"wp","href":"https:\/\/api.w.org\/{rel}","templated":true}]}}