{"id":14216,"date":"2018-03-09T09:00:49","date_gmt":"2018-03-09T09:00:49","guid":{"rendered":"https:\/\/www.deberes.net\/tesis\/sin-categoria\/perspectiva-juridico-financiera-del-medio-ambiente\/"},"modified":"2018-03-09T09:00:49","modified_gmt":"2018-03-09T09:00:49","slug":"perspectiva-juridico-financiera-del-medio-ambiente","status":"publish","type":"post","link":"https:\/\/www.deberes.net\/tesis\/derecho-y-legislacion-nacionales\/perspectiva-juridico-financiera-del-medio-ambiente\/","title":{"rendered":"Perspectiva juridico-financiera del medio ambiente"},"content":{"rendered":"<h2>Tesis doctoral de <strong> Pl\u00e1cida Ferrer Dupuy <\/strong><\/h2>\n<p>Se realiza un estudio de los problemas del medio ambiente relativos a su protecci\u00f3n desde su perspectiva del gasto p\u00fablico, con la finalidad de poder indagar de manera principal sobre la posibilidad de configurar el medio ambiente como una necesidad p\u00fablica, lo cual obliga al an\u00e1lisis de la compleja funci\u00f3n otorgada al estado en cuanto obligado a intervenir en la protecci\u00f3n del medio ambiente, que presenta, entre otros problemas, tener que asumir un elevado coste. Para ello se ha debido abordar cu\u00e1l sea el significado de necesidad p\u00fablica en cuanto objeto del gasto p\u00fablico ambiental, el an\u00e1lisis de la determinaci\u00f3n de las necesidades p\u00fablicas, con la finalidad de incidir en si la protecci\u00f3n del medio ambiente implica la satisfacci\u00f3n de determinadas carencias de bienes y servicios, a partir del dato que los bienes y servicios tienen una dimensi\u00f3n colectiva, como colectivo en su disfrute y por ello afectan no solo al ciudadano individualmente, sino a toda la colectividad. si bien dentro de estas situaciones jur\u00eddicas relacionadas con el medio ambiente se destaca el derecho colectivo al mismo, al margen de su posible significado como derecho subjetivo, se abordan estas posiciones jur\u00eddicas en su vertiente pasiva, en cuanto intervienen en el procedimiento de necesidades p\u00fablicas. Posiciones jur\u00eddicas ante unos intereses colectivos o difusos que obligan a analizar el papel de la participaci\u00f3n ciudadana en el \u00e1mbito del gasto p\u00fablico. estudio que tambi\u00e9n contempla un an\u00e1lisis de los art\u00edculos 174 y 175 del tce, en especial el principio de \u00c2\u00bfquien contamina, paga\u00c2\u00bf, para analizar su alcance jur\u00eddico dentro de la pol\u00edtica comunitaria ambiental, y si su aplicaci\u00f3n asegura una adecuada imputaci\u00f3n de costos, teniendo en cuenta el requisito de la integraci\u00f3n. Situaciones que han sido analizadas desde nuestro ordenamiento jur\u00eddico al relacionar el principio contaminador-pagador con los principios de justicia financiera. finalmente, se contempla el estudio de los instrumentos financieros y econ\u00f3micos para  la protecci\u00f3n del medio ambiente en nuestro pa\u00eds, haciendo hincapi\u00e9 en la problem\u00e1tica de las medidas de fomento, realizando un an\u00e1lisis concreto de dos de los bienes jur\u00eddicos con mayor incidencia social desde el \u00e1mbito del medio ambiente que justifican la intervenci\u00f3n p\u00fablica: los residuos y el agua.<\/p>\n<p>&nbsp;<\/p>\n<h3>Datos acad\u00e9micos de la tesis doctoral \u00ab<strong>Perspectiva juridico-financiera del medio ambiente<\/strong>\u00ab<\/h3>\n<ul>\n<li><strong>T\u00edtulo de la tesis:<\/strong>\u00a0 Perspectiva juridico-financiera del medio ambiente <\/li>\n<li><strong>Autor:<\/strong>\u00a0 Pl\u00e1cida Ferrer Dupuy <\/li>\n<li><strong>Universidad:<\/strong>\u00a0 Pompeu fabra<\/li>\n<li><strong>Fecha de lectura de la tesis:<\/strong>\u00a0 30\/11\/2001<\/li>\n<\/ul>\n<p>&nbsp;<\/p>\n<h3>Direcci\u00f3n y tribunal<\/h3>\n<ul>\n<li><strong>Director de la tesis<\/strong>\n<ul>\n<li>Juan  Jos\u00e9 Bayona De Perogordo<\/li>\n<\/ul>\n<\/li>\n<li><strong>Tribunal<\/strong>\n<ul>\n<li>Presidente del tribunal: Mar\u00eda teresa Soler roch <\/li>\n<li>gaspar de la Pe\u00f1a velasco (vocal)<\/li>\n<li>Francisco Escribano lopez (vocal)<\/li>\n<li>Francisco Javier Cors meya (vocal)<\/li>\n<\/ul>\n<\/li>\n<\/ul>\n<p>&nbsp;<\/p>\n","protected":false},"excerpt":{"rendered":"<p>Tesis doctoral de Pl\u00e1cida Ferrer Dupuy Se realiza un estudio de los problemas del medio ambiente relativos a su protecci\u00f3n [&hellip;]<\/p>\n","protected":false},"author":1,"featured_media":0,"comment_status":"open","ping_status":"open","sticky":false,"template":"","format":"standard","meta":{"site-sidebar-layout":"default","site-content-layout":"","ast-site-content-layout":"","site-content-style":"default","site-sidebar-style":"default","ast-global-header-display":"","ast-banner-title-visibility":"","ast-main-header-display":"","ast-hfb-above-header-display":"","ast-hfb-below-header-display":"","ast-hfb-mobile-header-display":"","site-post-title":"","ast-breadcrumbs-content":"","ast-featured-img":"","footer-sml-layout":"","theme-transparent-header-meta":"","adv-header-id-meta":"","stick-header-meta":"","header-above-stick-meta":"","header-main-stick-meta":"","header-below-stick-meta":"","astra-migrate-meta-layouts":"default","ast-page-background-enabled":"default","ast-page-background-meta":{"desktop":{"background-color":"var(--ast-global-color-4)","background-image":"","background-repeat":"repeat","background-position":"center center","background-size":"auto","background-attachment":"scroll","background-type":"","background-media":"","overlay-type":"","overlay-color":"","overlay-gradient":""},"tablet":{"background-color":"","background-image":"","background-repeat":"repeat","background-position":"center center","background-size":"auto","background-attachment":"scroll","background-type":"","background-media":"","overlay-type":"","overlay-color":"","overlay-gradient":""},"mobile":{"background-color":"","background-image":"","background-repeat":"repeat","background-position":"center center","background-size":"auto","background-attachment":"scroll","background-type":"","background-media":"","overlay-type":"","overlay-color":"","overlay-gradient":""}},"ast-content-background-meta":{"desktop":{"background-color":"var(--ast-global-color-5)","background-image":"","background-repeat":"repeat","background-position":"center center","background-size":"auto","background-attachment":"scroll","background-type":"","background-media":"","overlay-type":"","overlay-color":"","overlay-gradient":""},"tablet":{"background-color":"var(--ast-global-color-5)","background-image":"","background-repeat":"repeat","background-position":"center center","background-size":"auto","background-attachment":"scroll","background-type":"","background-media":"","overlay-type":"","overlay-color":"","overlay-gradient":""},"mobile":{"background-color":"var(--ast-global-color-5)","background-image":"","background-repeat":"repeat","background-position":"center center","background-size":"auto","background-attachment":"scroll","background-type":"","background-media":"","overlay-type":"","overlay-color":"","overlay-gradient":""}},"footnotes":""},"categories":[979,18712],"tags":[2296,45865,8367,8368,27425,45864],"class_list":["post-14216","post","type-post","status-publish","format-standard","hentry","category-derecho-y-legislacion-nacionales","category-pompeu-fabra","tag-francisco-escribano-lopez","tag-francisco-javier-cors-meya","tag-gaspar-de-la-pena-velasco","tag-juan-jose-bayona-de-perogordo","tag-maria-teresa-soler-roch","tag-placida-ferrer-dupuy"],"_links":{"self":[{"href":"https:\/\/www.deberes.net\/tesis\/wp-json\/wp\/v2\/posts\/14216","targetHints":{"allow":["GET"]}}],"collection":[{"href":"https:\/\/www.deberes.net\/tesis\/wp-json\/wp\/v2\/posts"}],"about":[{"href":"https:\/\/www.deberes.net\/tesis\/wp-json\/wp\/v2\/types\/post"}],"author":[{"embeddable":true,"href":"https:\/\/www.deberes.net\/tesis\/wp-json\/wp\/v2\/users\/1"}],"replies":[{"embeddable":true,"href":"https:\/\/www.deberes.net\/tesis\/wp-json\/wp\/v2\/comments?post=14216"}],"version-history":[{"count":0,"href":"https:\/\/www.deberes.net\/tesis\/wp-json\/wp\/v2\/posts\/14216\/revisions"}],"wp:attachment":[{"href":"https:\/\/www.deberes.net\/tesis\/wp-json\/wp\/v2\/media?parent=14216"}],"wp:term":[{"taxonomy":"category","embeddable":true,"href":"https:\/\/www.deberes.net\/tesis\/wp-json\/wp\/v2\/categories?post=14216"},{"taxonomy":"post_tag","embeddable":true,"href":"https:\/\/www.deberes.net\/tesis\/wp-json\/wp\/v2\/tags?post=14216"}],"curies":[{"name":"wp","href":"https:\/\/api.w.org\/{rel}","templated":true}]}}