{"id":142218,"date":"2026-03-17T15:22:06","date_gmt":"2026-03-17T15:22:06","guid":{"rendered":"https:\/\/www.deberes.net\/tesis\/sin-categoria\/las-transformaciones-de-la-sociedad-gallega-de-los-siglos-xi-al-xiii-el-papel-de-los-monjes-negros\/"},"modified":"2026-03-17T15:22:06","modified_gmt":"2026-03-17T15:22:06","slug":"las-transformaciones-de-la-sociedad-gallega-de-los-siglos-xi-al-xiii-el-papel-de-los-monjes-negros","status":"publish","type":"post","link":"https:\/\/www.deberes.net\/tesis\/historia\/las-transformaciones-de-la-sociedad-gallega-de-los-siglos-xi-al-xiii-el-papel-de-los-monjes-negros\/","title":{"rendered":"Las transformaciones de la sociedad gallega de los siglos xi al xiii: el papel de los monjes negros."},"content":{"rendered":"<h2>Tesis doctoral de <strong> Jos\u00e9 Miguel Andrade Cernadas <\/strong><\/h2>\n<p>A traves del estudio de la documentacion de cuatro de las mas importantes abadias benedictinas gallegas &#8211; samos, celanova, pinario y antealtares analizamos el papel jugado por el monacato benedictino en las grandes transformaciones sociales de la galicia de los siglos centrales de la edad media; analizamos en primer lugar la benedictinizacion de nuestros monasterios para posteriormente centrarnos en el analisis de los respectivos dominios monasticos, su organizacion y modelo economico. Se completa el estudio con una aproximacion al papel politico jugado por estos monasterios, asi como su labor asistencial, religiosa y cultural. Se completa con este trabajo el estudio del monacato gallego de los siglos centrales de la edad media, ya que tras el bien estudiado monacato cisterciense, faltaba conocer con mas precision los monasterios benedictinos, lo que se hace en esta tesis doctoral.<\/p>\n<p>&nbsp;<\/p>\n<h3>Datos acad\u00e9micos de la tesis doctoral \u00ab<strong>Las transformaciones de la sociedad gallega de los siglos xi al xiii: el papel de los monjes negros.<\/strong>\u00ab<\/h3>\n<ul>\n<li><strong>T\u00edtulo de la tesis:<\/strong>\u00a0 Las transformaciones de la sociedad gallega de los siglos xi al xiii: el papel de los monjes negros. <\/li>\n<li><strong>Autor:<\/strong>\u00a0 Jos\u00e9 Miguel Andrade Cernadas <\/li>\n<li><strong>Universidad:<\/strong>\u00a0 Santiago de compostela<\/li>\n<li><strong>Fecha de lectura de la tesis:<\/strong>\u00a0 01\/01\/1993<\/li>\n<\/ul>\n<p>&nbsp;<\/p>\n<h3>Direcci\u00f3n y tribunal<\/h3>\n<ul>\n<li><strong>Director de la tesis<\/strong>\n<ul>\n<li>Ermelindo Portela Silva<\/li>\n<\/ul>\n<\/li>\n<li><strong>Tribunal<\/strong>\n<ul>\n<li>Presidente del tribunal: Manuel Lucas Alvarez <\/li>\n<li>Francisco Javier Fern\u00e1ndez Conde (vocal)<\/li>\n<li>Jos\u00e9 Mar\u00eda M\u00ednguez Fern\u00e1ndez (vocal)<\/li>\n<li> Pallares Mendez M. Carmen (vocal)<\/li>\n<\/ul>\n<\/li>\n<\/ul>\n<p>&nbsp;<\/p>\n","protected":false},"excerpt":{"rendered":"<p>Tesis doctoral de Jos\u00e9 Miguel Andrade Cernadas A traves del estudio de la documentacion de cuatro de las mas importantes [&hellip;]<\/p>\n","protected":false},"author":1,"featured_media":0,"comment_status":"open","ping_status":"open","sticky":false,"template":"","format":"standard","meta":{"site-sidebar-layout":"default","site-content-layout":"","ast-site-content-layout":"","site-content-style":"default","site-sidebar-style":"default","ast-global-header-display":"","ast-banner-title-visibility":"","ast-main-header-display":"","ast-hfb-above-header-display":"","ast-hfb-below-header-display":"","ast-hfb-mobile-header-display":"","site-post-title":"","ast-breadcrumbs-content":"","ast-featured-img":"","footer-sml-layout":"","theme-transparent-header-meta":"","adv-header-id-meta":"","stick-header-meta":"","header-above-stick-meta":"","header-main-stick-meta":"","header-below-stick-meta":"","astra-migrate-meta-layouts":"default","ast-page-background-enabled":"default","ast-page-background-meta":{"desktop":{"background-color":"var(--ast-global-color-4)","background-image":"","background-repeat":"repeat","background-position":"center center","background-size":"auto","background-attachment":"scroll","background-type":"","background-media":"","overlay-type":"","overlay-color":"","overlay-gradient":""},"tablet":{"background-color":"","background-image":"","background-repeat":"repeat","background-position":"center center","background-size":"auto","background-attachment":"scroll","background-type":"","background-media":"","overlay-type":"","overlay-color":"","overlay-gradient":""},"mobile":{"background-color":"","background-image":"","background-repeat":"repeat","background-position":"center center","background-size":"auto","background-attachment":"scroll","background-type":"","background-media":"","overlay-type":"","overlay-color":"","overlay-gradient":""}},"ast-content-background-meta":{"desktop":{"background-color":"var(--ast-global-color-5)","background-image":"","background-repeat":"repeat","background-position":"center center","background-size":"auto","background-attachment":"scroll","background-type":"","background-media":"","overlay-type":"","overlay-color":"","overlay-gradient":""},"tablet":{"background-color":"var(--ast-global-color-5)","background-image":"","background-repeat":"repeat","background-position":"center center","background-size":"auto","background-attachment":"scroll","background-type":"","background-media":"","overlay-type":"","overlay-color":"","overlay-gradient":""},"mobile":{"background-color":"var(--ast-global-color-5)","background-image":"","background-repeat":"repeat","background-position":"center center","background-size":"auto","background-attachment":"scroll","background-type":"","background-media":"","overlay-type":"","overlay-color":"","overlay-gradient":""}},"footnotes":""},"categories":[104,119,220,977],"tags":[2817,2818,28387,123707,643,641],"class_list":["post-142218","post","type-post","status-publish","format-standard","hentry","category-historia","category-historia-medieval","category-historia-por-epocas","category-santiago-de-compostela","tag-ermelindo-portela-silva","tag-francisco-javier-fernandez-conde","tag-jose-maria-minguez-fernandez","tag-jose-miguel-andrade-cernadas","tag-manuel-lucas-alvarez","tag-pallares-mendez-m-carmen"],"_links":{"self":[{"href":"https:\/\/www.deberes.net\/tesis\/wp-json\/wp\/v2\/posts\/142218","targetHints":{"allow":["GET"]}}],"collection":[{"href":"https:\/\/www.deberes.net\/tesis\/wp-json\/wp\/v2\/posts"}],"about":[{"href":"https:\/\/www.deberes.net\/tesis\/wp-json\/wp\/v2\/types\/post"}],"author":[{"embeddable":true,"href":"https:\/\/www.deberes.net\/tesis\/wp-json\/wp\/v2\/users\/1"}],"replies":[{"embeddable":true,"href":"https:\/\/www.deberes.net\/tesis\/wp-json\/wp\/v2\/comments?post=142218"}],"version-history":[{"count":0,"href":"https:\/\/www.deberes.net\/tesis\/wp-json\/wp\/v2\/posts\/142218\/revisions"}],"wp:attachment":[{"href":"https:\/\/www.deberes.net\/tesis\/wp-json\/wp\/v2\/media?parent=142218"}],"wp:term":[{"taxonomy":"category","embeddable":true,"href":"https:\/\/www.deberes.net\/tesis\/wp-json\/wp\/v2\/categories?post=142218"},{"taxonomy":"post_tag","embeddable":true,"href":"https:\/\/www.deberes.net\/tesis\/wp-json\/wp\/v2\/tags?post=142218"}],"curies":[{"name":"wp","href":"https:\/\/api.w.org\/{rel}","templated":true}]}}