{"id":142235,"date":"2026-03-20T11:44:12","date_gmt":"2026-03-20T11:44:12","guid":{"rendered":"https:\/\/www.deberes.net\/tesis\/sin-categoria\/un-analisis-del-concepto-de-impulsividad-y-de-sus-implicaciones-para-la-comprension-de-la-conducta-antisocial-de-los-adolescentes\/"},"modified":"2026-03-20T11:44:12","modified_gmt":"2026-03-20T11:44:12","slug":"un-analisis-del-concepto-de-impulsividad-y-de-sus-implicaciones-para-la-comprension-de-la-conducta-antisocial-de-los-adolescentes","status":"publish","type":"post","link":"https:\/\/www.deberes.net\/tesis\/sociologia\/un-analisis-del-concepto-de-impulsividad-y-de-sus-implicaciones-para-la-comprension-de-la-conducta-antisocial-de-los-adolescentes\/","title":{"rendered":"Un analisis del concepto de impulsividad y de sus implicaciones para la comprension de la conducta antisocial de los adolescentes."},"content":{"rendered":"<h2>Tesis doctoral de <strong>  Carrillo De La Pe\u00f1a Mar\u00eda Teresa <\/strong><\/h2>\n<p>Los problemas metodologicos y conceptuales que rodean a la investigacion impulsividad. Delincuencia ponen de manifiesto la necesidad de un analisis del concepto de impulsividad como paso previo para conocer sus implicaciones en relacion a la conducta antisocial de los adolescentes. En este trabajo, a partir del analisis de las interrelaciones del concepto con las dimensiones de experiencia temporal y demora de la gratificacion, del empleo de metodos de medida diversos y del control de los efectos de la edad y la inteligencia, se comprueba un modelo de medida de la impulsividad que especifica dos componentes, uno relacionado con la falta de inhibicion conductual y otro caracterizado como no planificacion.  ademas, la utilizacion de autoinformes de conducta antisocial y la inclusion de muestras de delincuentes institucionalizados y de adolescentes de la poblacion general ha permitido confirmar la asociacion impulsividad-delincuencia al margen de los sesgos metodologicos presentes en otros estudios. Se discuten las implicaciones de esta investigacion para las teorias de la delincuencia juvenil, el derecho penal y el dise\u00f1o de programas preventivos o terapeuticos.<\/p>\n<p>&nbsp;<\/p>\n<h3>Datos acad\u00e9micos de la tesis doctoral \u00ab<strong>Un analisis del concepto de impulsividad y de sus implicaciones para la comprension de la conducta antisocial de los adolescentes.<\/strong>\u00ab<\/h3>\n<ul>\n<li><strong>T\u00edtulo de la tesis:<\/strong>\u00a0 Un analisis del concepto de impulsividad y de sus implicaciones para la comprension de la conducta antisocial de los adolescentes. <\/li>\n<li><strong>Autor:<\/strong>\u00a0  Carrillo De La Pe\u00f1a Mar\u00eda Teresa <\/li>\n<li><strong>Universidad:<\/strong>\u00a0 Santiago de compostela<\/li>\n<li><strong>Fecha de lectura de la tesis:<\/strong>\u00a0 01\/01\/1993<\/li>\n<\/ul>\n<p>&nbsp;<\/p>\n<h3>Direcci\u00f3n y tribunal<\/h3>\n<ul>\n<li><strong>Director de la tesis<\/strong>\n<ul>\n<li>Mar\u00eda  \u00e1ngeles Luengo Mart\u00edn<\/li>\n<\/ul>\n<\/li>\n<li><strong>Tribunal<\/strong>\n<ul>\n<li>Presidente del tribunal: Vicente Pelechano Barbera <\/li>\n<li>Jorge P\u00e9rez Sanchez (vocal)<\/li>\n<li>Mar\u00eda  Jos\u00e9 B\u00e1guena Puigcerver (vocal)<\/li>\n<li>Jes\u00fas Guerra Plaza (vocal)<\/li>\n<\/ul>\n<\/li>\n<\/ul>\n<p>&nbsp;<\/p>\n","protected":false},"excerpt":{"rendered":"<p>Tesis doctoral de Carrillo De La Pe\u00f1a Mar\u00eda Teresa Los problemas metodologicos y conceptuales que rodean a la investigacion impulsividad. [&hellip;]<\/p>\n","protected":false},"author":1,"featured_media":0,"comment_status":"open","ping_status":"open","sticky":false,"template":"","format":"standard","meta":{"site-sidebar-layout":"default","site-content-layout":"","ast-site-content-layout":"","site-content-style":"default","site-sidebar-style":"default","ast-global-header-display":"","ast-banner-title-visibility":"","ast-main-header-display":"","ast-hfb-above-header-display":"","ast-hfb-below-header-display":"","ast-hfb-mobile-header-display":"","site-post-title":"","ast-breadcrumbs-content":"","ast-featured-img":"","footer-sml-layout":"","theme-transparent-header-meta":"","adv-header-id-meta":"","stick-header-meta":"","header-above-stick-meta":"","header-main-stick-meta":"","header-below-stick-meta":"","astra-migrate-meta-layouts":"default","ast-page-background-enabled":"default","ast-page-background-meta":{"desktop":{"background-color":"var(--ast-global-color-4)","background-image":"","background-repeat":"repeat","background-position":"center center","background-size":"auto","background-attachment":"scroll","background-type":"","background-media":"","overlay-type":"","overlay-color":"","overlay-gradient":""},"tablet":{"background-color":"","background-image":"","background-repeat":"repeat","background-position":"center center","background-size":"auto","background-attachment":"scroll","background-type":"","background-media":"","overlay-type":"","overlay-color":"","overlay-gradient":""},"mobile":{"background-color":"","background-image":"","background-repeat":"repeat","background-position":"center center","background-size":"auto","background-attachment":"scroll","background-type":"","background-media":"","overlay-type":"","overlay-color":"","overlay-gradient":""}},"ast-content-background-meta":{"desktop":{"background-color":"var(--ast-global-color-5)","background-image":"","background-repeat":"repeat","background-position":"center center","background-size":"auto","background-attachment":"scroll","background-type":"","background-media":"","overlay-type":"","overlay-color":"","overlay-gradient":""},"tablet":{"background-color":"var(--ast-global-color-5)","background-image":"","background-repeat":"repeat","background-position":"center center","background-size":"auto","background-attachment":"scroll","background-type":"","background-media":"","overlay-type":"","overlay-color":"","overlay-gradient":""},"mobile":{"background-color":"var(--ast-global-color-5)","background-image":"","background-repeat":"repeat","background-position":"center center","background-size":"auto","background-attachment":"scroll","background-type":"","background-media":"","overlay-type":"","overlay-color":"","overlay-gradient":""}},"footnotes":""},"categories":[1294,6893,6894,1295,324,977,269],"tags":[256938,115517,29344,35114,45721,26062],"class_list":["post-142235","post","type-post","status-publish","format-standard","hentry","category-delincuencia","category-medida-de-la-personalidad","category-personalidad","category-problemas-y-conflictos-sociales","category-psicologia","category-santiago-de-compostela","category-sociologia","tag-carrillo-de-la-pena-maria-teresa","tag-jesus-guerra-plaza","tag-jorge-perez-sanchez","tag-maria-angeles-luengo-martin","tag-maria-jose-baguena-puigcerver","tag-vicente-pelechano-barbera"],"_links":{"self":[{"href":"https:\/\/www.deberes.net\/tesis\/wp-json\/wp\/v2\/posts\/142235","targetHints":{"allow":["GET"]}}],"collection":[{"href":"https:\/\/www.deberes.net\/tesis\/wp-json\/wp\/v2\/posts"}],"about":[{"href":"https:\/\/www.deberes.net\/tesis\/wp-json\/wp\/v2\/types\/post"}],"author":[{"embeddable":true,"href":"https:\/\/www.deberes.net\/tesis\/wp-json\/wp\/v2\/users\/1"}],"replies":[{"embeddable":true,"href":"https:\/\/www.deberes.net\/tesis\/wp-json\/wp\/v2\/comments?post=142235"}],"version-history":[{"count":0,"href":"https:\/\/www.deberes.net\/tesis\/wp-json\/wp\/v2\/posts\/142235\/revisions"}],"wp:attachment":[{"href":"https:\/\/www.deberes.net\/tesis\/wp-json\/wp\/v2\/media?parent=142235"}],"wp:term":[{"taxonomy":"category","embeddable":true,"href":"https:\/\/www.deberes.net\/tesis\/wp-json\/wp\/v2\/categories?post=142235"},{"taxonomy":"post_tag","embeddable":true,"href":"https:\/\/www.deberes.net\/tesis\/wp-json\/wp\/v2\/tags?post=142235"}],"curies":[{"name":"wp","href":"https:\/\/api.w.org\/{rel}","templated":true}]}}