{"id":142264,"date":"2026-03-25T08:16:44","date_gmt":"2026-03-25T08:16:44","guid":{"rendered":"https:\/\/www.deberes.net\/tesis\/sin-categoria\/evolucion-da-cohesion-nos-relatos-infantis\/"},"modified":"2026-03-25T08:16:44","modified_gmt":"2026-03-25T08:16:44","slug":"evolucion-da-cohesion-nos-relatos-infantis","status":"publish","type":"post","link":"https:\/\/www.deberes.net\/tesis\/psicologia\/evolucion-da-cohesion-nos-relatos-infantis\/","title":{"rendered":"Evolucion da cohesion nos relatos infantis"},"content":{"rendered":"<h2>Tesis doctoral de <strong>  Garcia Soto Xose Ramon <\/strong><\/h2>\n<p>El objetivo de la tesis es averiguar el curso evolutivo de la cohesion de las narraciones orales en ni\u00f1os gallego-hablantes, analizando los medios utilizados, los mecanismos de control que utilizan y las posibles relaciones entre desarrollo del lenguaje y cohesion. Se formulan 3 hipotesis: se espera encontrar (1) variaciones evolutivas en la composicion cohesiva de las narraciones, (2) modificaciones en los mecanismos que controlan la ejecucion narrativa, y (3) que los mecanismos de control esten relacionados con el nivel de desarrollo linguistico. Sujetos: 84 sujetos divididos en 6 grupos de edad (4,5,7,9,11 y adultos). Material: cuento \u00abfrog, where are you?\u00bb (Mayer, 1969).  procedimiento: se grabo en magnetofon el relato del cuento de cada sujeto y se analizaron las narraciones con el salt. Resultados y conclusiones: se confirman las 3 hipotesis: (a) la densidad cohesiva progresa con la edad. (B y c) hay 3 procesos de control, (1) narraciones controladas por el estimulo (centradas en el cuento) tipicas de los 4 y 5 a\u00f1os, (2) narraciones con control interno (centradas en la oracion), 7,9 y 11 a\u00f1os, y (3) narraciones con control mixto (centradas en los episodios narrativos) tipicas de los 5, 7 y 9 a\u00f1os.<\/p>\n<p>&nbsp;<\/p>\n<h3>Datos acad\u00e9micos de la tesis doctoral \u00ab<strong>Evolucion da cohesion nos relatos infantis<\/strong>\u00ab<\/h3>\n<ul>\n<li><strong>T\u00edtulo de la tesis:<\/strong>\u00a0 Evolucion da cohesion nos relatos infantis <\/li>\n<li><strong>Autor:<\/strong>\u00a0  Garcia Soto Xose Ramon <\/li>\n<li><strong>Universidad:<\/strong>\u00a0 Santiago de compostela<\/li>\n<li><strong>Fecha de lectura de la tesis:<\/strong>\u00a0 01\/01\/1993<\/li>\n<\/ul>\n<p>&nbsp;<\/p>\n<h3>Direcci\u00f3n y tribunal<\/h3>\n<ul>\n<li><strong>Director de la tesis<\/strong>\n<ul>\n<li>Miguel Perez Pereira<\/li>\n<\/ul>\n<\/li>\n<li><strong>Tribunal<\/strong>\n<ul>\n<li>Presidente del tribunal: Miquel Serra Raventos <\/li>\n<li>Emilio Jes\u00fas Prieto De Los Mozos (vocal)<\/li>\n<li>Angel Riviere Gomez (vocal)<\/li>\n<li>M Rosario Alvarez Blanco (vocal)<\/li>\n<\/ul>\n<\/li>\n<\/ul>\n<p>&nbsp;<\/p>\n","protected":false},"excerpt":{"rendered":"<p>Tesis doctoral de Garcia Soto Xose Ramon El objetivo de la tesis es averiguar el curso evolutivo de la cohesion [&hellip;]<\/p>\n","protected":false},"author":1,"featured_media":0,"comment_status":"open","ping_status":"open","sticky":false,"template":"","format":"standard","meta":{"site-sidebar-layout":"default","site-content-layout":"","ast-site-content-layout":"","site-content-style":"default","site-sidebar-style":"default","ast-global-header-display":"","ast-banner-title-visibility":"","ast-main-header-display":"","ast-hfb-above-header-display":"","ast-hfb-below-header-display":"","ast-hfb-mobile-header-display":"","site-post-title":"","ast-breadcrumbs-content":"","ast-featured-img":"","footer-sml-layout":"","theme-transparent-header-meta":"","adv-header-id-meta":"","stick-header-meta":"","header-above-stick-meta":"","header-main-stick-meta":"","header-below-stick-meta":"","astra-migrate-meta-layouts":"default","ast-page-background-enabled":"default","ast-page-background-meta":{"desktop":{"background-color":"var(--ast-global-color-4)","background-image":"","background-repeat":"repeat","background-position":"center center","background-size":"auto","background-attachment":"scroll","background-type":"","background-media":"","overlay-type":"","overlay-color":"","overlay-gradient":""},"tablet":{"background-color":"","background-image":"","background-repeat":"repeat","background-position":"center center","background-size":"auto","background-attachment":"scroll","background-type":"","background-media":"","overlay-type":"","overlay-color":"","overlay-gradient":""},"mobile":{"background-color":"","background-image":"","background-repeat":"repeat","background-position":"center center","background-size":"auto","background-attachment":"scroll","background-type":"","background-media":"","overlay-type":"","overlay-color":"","overlay-gradient":""}},"ast-content-background-meta":{"desktop":{"background-color":"var(--ast-global-color-5)","background-image":"","background-repeat":"repeat","background-position":"center center","background-size":"auto","background-attachment":"scroll","background-type":"","background-media":"","overlay-type":"","overlay-color":"","overlay-gradient":""},"tablet":{"background-color":"var(--ast-global-color-5)","background-image":"","background-repeat":"repeat","background-position":"center center","background-size":"auto","background-attachment":"scroll","background-type":"","background-media":"","overlay-type":"","overlay-color":"","overlay-gradient":""},"mobile":{"background-color":"var(--ast-global-color-5)","background-image":"","background-repeat":"repeat","background-position":"center center","background-size":"auto","background-attachment":"scroll","background-type":"","background-media":"","overlay-type":"","overlay-color":"","overlay-gradient":""}},"footnotes":""},"categories":[6414,324,970,2758,5174,977],"tags":[14555,48986,256977,18968,2917,14226],"class_list":["post-142264","post","type-post","status-publish","format-standard","hentry","category-logopedia","category-psicologia","category-psicologia-del-nino-y-del-adolescente","category-psicologia-evolutiva","category-psicopedagogia","category-santiago-de-compostela","tag-angel-riviere-gomez","tag-emilio-jesus-prieto-de-los-mozos","tag-garcia-soto-xose-ramon","tag-m-rosario-alvarez-blanco","tag-miguel-perez-pereira","tag-miquel-serra-raventos"],"_links":{"self":[{"href":"https:\/\/www.deberes.net\/tesis\/wp-json\/wp\/v2\/posts\/142264","targetHints":{"allow":["GET"]}}],"collection":[{"href":"https:\/\/www.deberes.net\/tesis\/wp-json\/wp\/v2\/posts"}],"about":[{"href":"https:\/\/www.deberes.net\/tesis\/wp-json\/wp\/v2\/types\/post"}],"author":[{"embeddable":true,"href":"https:\/\/www.deberes.net\/tesis\/wp-json\/wp\/v2\/users\/1"}],"replies":[{"embeddable":true,"href":"https:\/\/www.deberes.net\/tesis\/wp-json\/wp\/v2\/comments?post=142264"}],"version-history":[{"count":0,"href":"https:\/\/www.deberes.net\/tesis\/wp-json\/wp\/v2\/posts\/142264\/revisions"}],"wp:attachment":[{"href":"https:\/\/www.deberes.net\/tesis\/wp-json\/wp\/v2\/media?parent=142264"}],"wp:term":[{"taxonomy":"category","embeddable":true,"href":"https:\/\/www.deberes.net\/tesis\/wp-json\/wp\/v2\/categories?post=142264"},{"taxonomy":"post_tag","embeddable":true,"href":"https:\/\/www.deberes.net\/tesis\/wp-json\/wp\/v2\/tags?post=142264"}],"curies":[{"name":"wp","href":"https:\/\/api.w.org\/{rel}","templated":true}]}}