{"id":142494,"date":"1993-01-01T00:00:00","date_gmt":"1993-01-01T00:00:00","guid":{"rendered":"https:\/\/www.deberes.net\/tesis\/sin-categoria\/geomorfologia-de-la-vertiente-meridional-de-la-cordillera-cantabrica-la-montana-occidental-de-leon-y-su-piedemonte\/"},"modified":"1993-01-01T00:00:00","modified_gmt":"1993-01-01T00:00:00","slug":"geomorfologia-de-la-vertiente-meridional-de-la-cordillera-cantabrica-la-montana-occidental-de-leon-y-su-piedemonte","status":"publish","type":"post","link":"https:\/\/www.deberes.net\/tesis\/ciencias-de-la-tierra-y-del-espacio\/geomorfologia-de-la-vertiente-meridional-de-la-cordillera-cantabrica-la-montana-occidental-de-leon-y-su-piedemonte\/","title":{"rendered":"Geomorfolog\u00eda de la vertiente meridional de la cordillera cantabrica: la monta\u00f1a occidental de leon y su piedemonte."},"content":{"rendered":"<h2>Tesis doctoral de <strong> Alipio  Jos\u00e9 Garc\u00eda De Celis <\/strong><\/h2>\n<p>Tras una introduccion en la que se esbozan los principales caracteres geograficos de la zona de estudio, en la que se detalla la metodolog\u00eda emneada y en la que se hace un repaso y revision de la bibliografia existente sobre el tema, se analizan detalladamente las bases estructurales del relieve (litolog\u00eda, plegamientos y fracturacion); se establecen los grandes rasgos fisiograficos de la zona de estudio y se delimita la articulacion en unidades morfologicas; sobre esta base se estudian los caracteres morfologicos de cada unidad, acompa\u00f1andose el texto de un abundante material grafico (perfiles, esquemas y mapas geomorfologicos a escalas 1:100.000 y 1:50.000) finalmente, se sintetiza la vision de conjunto en un capitulo dedicado a la evolucion morfologica que se deduce de los datos obtenidos, para acabar con unas conclusiones y un inventario de la bibliografia utilizada.<\/p>\n<p>&nbsp;<\/p>\n<h3>Datos acad\u00e9micos de la tesis doctoral \u00ab<strong>Geomorfolog\u00eda de la vertiente meridional de la cordillera cantabrica: la monta\u00f1a occidental de leon y su piedemonte.<\/strong>\u00ab<\/h3>\n<ul>\n<li><strong>T\u00edtulo de la tesis:<\/strong>\u00a0 Geomorfolog\u00eda de la vertiente meridional de la cordillera cantabrica: la monta\u00f1a occidental de leon y su piedemonte. <\/li>\n<li><strong>Autor:<\/strong>\u00a0 Alipio  Jos\u00e9 Garc\u00eda De Celis <\/li>\n<li><strong>Universidad:<\/strong>\u00a0 Le\u00f3n<\/li>\n<li><strong>Fecha de lectura de la tesis:<\/strong>\u00a0 01\/01\/1993<\/li>\n<\/ul>\n<p>&nbsp;<\/p>\n<h3>Direcci\u00f3n y tribunal<\/h3>\n<ul>\n<li><strong>Director de la tesis<\/strong>\n<ul>\n<li>Valentin Cabero Dieguez<\/li>\n<\/ul>\n<\/li>\n<li><strong>Tribunal<\/strong>\n<ul>\n<li>Presidente del tribunal: Eduardo Martinez De Pison Stampa <\/li>\n<li> De Cascos Mara\u00f1a Cayetano Santos (vocal)<\/li>\n<li>Julio Mu\u00f1oz Jimenez (vocal)<\/li>\n<li>Francisco Alonso Otero (vocal)<\/li>\n<\/ul>\n<\/li>\n<\/ul>\n<p>&nbsp;<\/p>\n","protected":false},"excerpt":{"rendered":"<p>Tesis doctoral de Alipio Jos\u00e9 Garc\u00eda De Celis Tras una introduccion en la que se esbozan los principales caracteres geograficos [&hellip;]<\/p>\n","protected":false},"author":1,"featured_media":0,"comment_status":"open","ping_status":"open","sticky":false,"template":"","format":"standard","meta":{"site-sidebar-layout":"default","site-content-layout":"","ast-site-content-layout":"","site-content-style":"default","site-sidebar-style":"default","ast-global-header-display":"","ast-banner-title-visibility":"","ast-main-header-display":"","ast-hfb-above-header-display":"","ast-hfb-below-header-display":"","ast-hfb-mobile-header-display":"","site-post-title":"","ast-breadcrumbs-content":"","ast-featured-img":"","footer-sml-layout":"","theme-transparent-header-meta":"","adv-header-id-meta":"","stick-header-meta":"","header-above-stick-meta":"","header-main-stick-meta":"","header-below-stick-meta":"","astra-migrate-meta-layouts":"default","ast-page-background-enabled":"default","ast-page-background-meta":{"desktop":{"background-color":"var(--ast-global-color-4)","background-image":"","background-repeat":"repeat","background-position":"center center","background-size":"auto","background-attachment":"scroll","background-type":"","background-media":"","overlay-type":"","overlay-color":"","overlay-gradient":""},"tablet":{"background-color":"","background-image":"","background-repeat":"repeat","background-position":"center center","background-size":"auto","background-attachment":"scroll","background-type":"","background-media":"","overlay-type":"","overlay-color":"","overlay-gradient":""},"mobile":{"background-color":"","background-image":"","background-repeat":"repeat","background-position":"center center","background-size":"auto","background-attachment":"scroll","background-type":"","background-media":"","overlay-type":"","overlay-color":"","overlay-gradient":""}},"ast-content-background-meta":{"desktop":{"background-color":"var(--ast-global-color-5)","background-image":"","background-repeat":"repeat","background-position":"center center","background-size":"auto","background-attachment":"scroll","background-type":"","background-media":"","overlay-type":"","overlay-color":"","overlay-gradient":""},"tablet":{"background-color":"var(--ast-global-color-5)","background-image":"","background-repeat":"repeat","background-position":"center center","background-size":"auto","background-attachment":"scroll","background-type":"","background-media":"","overlay-type":"","overlay-color":"","overlay-gradient":""},"mobile":{"background-color":"var(--ast-global-color-5)","background-image":"","background-repeat":"repeat","background-position":"center center","background-size":"auto","background-attachment":"scroll","background-type":"","background-media":"","overlay-type":"","overlay-color":"","overlay-gradient":""}},"footnotes":""},"categories":[27,5742,5741,953,75,4430],"tags":[43944,257184,10245,251806,24591,16132],"class_list":["post-142494","post","type-post","status-publish","format-standard","hentry","category-ciencias-de-la-tierra-y-del-espacio","category-ciencias-geograficas","category-geografia-fisica","category-geologia","category-geomorfologia","category-leon","tag-alipio-jose-garcia-de-celis","tag-de-cascos-marana-cayetano-santos","tag-eduardo-Martinez-de-pison-stampa","tag-francisco-alonso-otero","tag-julio-munoz-jimenez","tag-valentin-cabero-dieguez"],"_links":{"self":[{"href":"https:\/\/www.deberes.net\/tesis\/wp-json\/wp\/v2\/posts\/142494","targetHints":{"allow":["GET"]}}],"collection":[{"href":"https:\/\/www.deberes.net\/tesis\/wp-json\/wp\/v2\/posts"}],"about":[{"href":"https:\/\/www.deberes.net\/tesis\/wp-json\/wp\/v2\/types\/post"}],"author":[{"embeddable":true,"href":"https:\/\/www.deberes.net\/tesis\/wp-json\/wp\/v2\/users\/1"}],"replies":[{"embeddable":true,"href":"https:\/\/www.deberes.net\/tesis\/wp-json\/wp\/v2\/comments?post=142494"}],"version-history":[{"count":0,"href":"https:\/\/www.deberes.net\/tesis\/wp-json\/wp\/v2\/posts\/142494\/revisions"}],"wp:attachment":[{"href":"https:\/\/www.deberes.net\/tesis\/wp-json\/wp\/v2\/media?parent=142494"}],"wp:term":[{"taxonomy":"category","embeddable":true,"href":"https:\/\/www.deberes.net\/tesis\/wp-json\/wp\/v2\/categories?post=142494"},{"taxonomy":"post_tag","embeddable":true,"href":"https:\/\/www.deberes.net\/tesis\/wp-json\/wp\/v2\/tags?post=142494"}],"curies":[{"name":"wp","href":"https:\/\/api.w.org\/{rel}","templated":true}]}}