{"id":142508,"date":"1993-01-01T00:00:00","date_gmt":"1993-01-01T00:00:00","guid":{"rendered":"https:\/\/www.deberes.net\/tesis\/sin-categoria\/estudio-prospectivo-clinico-y-diagnostico-de-un-brote-epidemico-por-staphylococcus-aureus-resistente-a-la-meticilina\/"},"modified":"1993-01-01T00:00:00","modified_gmt":"1993-01-01T00:00:00","slug":"estudio-prospectivo-clinico-y-diagnostico-de-un-brote-epidemico-por-staphylococcus-aureus-resistente-a-la-meticilina","status":"publish","type":"post","link":"https:\/\/www.deberes.net\/tesis\/ciencias-medicas\/estudio-prospectivo-clinico-y-diagnostico-de-un-brote-epidemico-por-staphylococcus-aureus-resistente-a-la-meticilina\/","title":{"rendered":"Estudio prospectivo clinico y diagnostico de un brote epidemico por staphylococcus aureus resistente a la meticilina"},"content":{"rendered":"<h2>Tesis doctoral de <strong> Elisa Agudo Gisbert <\/strong><\/h2>\n<p>A principios de 1990 se detectaron en el hospital universitario san carlos los primeros aislamientos de s.  aureus resistentes a la meticilina (sarm). Estos aumentaron dramaticamente, hasta septiembre de 1991 en el que comenzo la tendencia al descenso. Con los 191 primeros pacientes que tuvieron aislamiento de sarm en muestras clinicas se realizo un estudio prospectivo. Las infecciones que presentaron con mas frecuencia estos pacientes fueron las de piel y tejido celular subcutaneo seguido de las neumonias y las bacteriemias. La mortalidad debida directamente a la infeccion se produjo mas frecuentemente en aquellos pacientes que tenian una mala situacion clinica estaban ingresados en la uci y\/o sufrian una bacteriemia o una neumonia. La cepa epidemica causante del brote presentaba un mismo fagogrupo (29\/77\/84\/932), un biotipo comun, y un patron de sensibilidad a antibioticos muy semejante.<\/p>\n<p>&nbsp;<\/p>\n<h3>Datos acad\u00e9micos de la tesis doctoral \u00ab<strong>Estudio prospectivo clinico y diagnostico de un brote epidemico por staphylococcus aureus resistente a la meticilina<\/strong>\u00ab<\/h3>\n<ul>\n<li><strong>T\u00edtulo de la tesis:<\/strong>\u00a0 Estudio prospectivo clinico y diagnostico de un brote epidemico por staphylococcus aureus resistente a la meticilina <\/li>\n<li><strong>Autor:<\/strong>\u00a0 Elisa Agudo Gisbert <\/li>\n<li><strong>Universidad:<\/strong>\u00a0 Complutense de Madrid<\/li>\n<li><strong>Fecha de lectura de la tesis:<\/strong>\u00a0 01\/01\/1993<\/li>\n<\/ul>\n<p>&nbsp;<\/p>\n<h3>Direcci\u00f3n y tribunal<\/h3>\n<ul>\n<li><strong>Director de la tesis<\/strong>\n<ul>\n<li>Juan  Jos\u00e9 Picazo De La Garza<\/li>\n<\/ul>\n<\/li>\n<li><strong>Tribunal<\/strong>\n<ul>\n<li>Presidente del tribunal: Jose Prieto Prieto <\/li>\n<li>\u00e1ngela G\u00f3mez Alf\u00e9rez (vocal)<\/li>\n<li>Benito Requeiro Garcia (vocal)<\/li>\n<li>  (vocal)<\/li>\n<\/ul>\n<\/li>\n<\/ul>\n<p>&nbsp;<\/p>\n","protected":false},"excerpt":{"rendered":"<p>Tesis doctoral de Elisa Agudo Gisbert A principios de 1990 se detectaron en el hospital universitario san carlos los primeros [&hellip;]<\/p>\n","protected":false},"author":1,"featured_media":0,"comment_status":"open","ping_status":"open","sticky":false,"template":"","format":"standard","meta":{"site-sidebar-layout":"default","site-content-layout":"","ast-site-content-layout":"","site-content-style":"default","site-sidebar-style":"default","ast-global-header-display":"","ast-banner-title-visibility":"","ast-main-header-display":"","ast-hfb-above-header-display":"","ast-hfb-below-header-display":"","ast-hfb-mobile-header-display":"","site-post-title":"","ast-breadcrumbs-content":"","ast-featured-img":"","footer-sml-layout":"","theme-transparent-header-meta":"","adv-header-id-meta":"","stick-header-meta":"","header-above-stick-meta":"","header-main-stick-meta":"","header-below-stick-meta":"","astra-migrate-meta-layouts":"default","ast-page-background-enabled":"default","ast-page-background-meta":{"desktop":{"background-color":"var(--ast-global-color-4)","background-image":"","background-repeat":"repeat","background-position":"center center","background-size":"auto","background-attachment":"scroll","background-type":"","background-media":"","overlay-type":"","overlay-color":"","overlay-gradient":""},"tablet":{"background-color":"","background-image":"","background-repeat":"repeat","background-position":"center center","background-size":"auto","background-attachment":"scroll","background-type":"","background-media":"","overlay-type":"","overlay-color":"","overlay-gradient":""},"mobile":{"background-color":"","background-image":"","background-repeat":"repeat","background-position":"center center","background-size":"auto","background-attachment":"scroll","background-type":"","background-media":"","overlay-type":"","overlay-color":"","overlay-gradient":""}},"ast-content-background-meta":{"desktop":{"background-color":"var(--ast-global-color-5)","background-image":"","background-repeat":"repeat","background-position":"center center","background-size":"auto","background-attachment":"scroll","background-type":"","background-media":"","overlay-type":"","overlay-color":"","overlay-gradient":""},"tablet":{"background-color":"var(--ast-global-color-5)","background-image":"","background-repeat":"repeat","background-position":"center center","background-size":"auto","background-attachment":"scroll","background-type":"","background-media":"","overlay-type":"","overlay-color":"","overlay-gradient":""},"mobile":{"background-color":"var(--ast-global-color-5)","background-image":"","background-repeat":"repeat","background-position":"center center","background-size":"auto","background-attachment":"scroll","background-type":"","background-media":"","overlay-type":"","overlay-color":"","overlay-gradient":""}},"footnotes":""},"categories":[155,9,986,597],"tags":[3691,257194,164118,3474,3475],"class_list":["post-142508","post","type-post","status-publish","format-standard","hentry","category-ciencias-clinicas","category-ciencias-medicas","category-complutense-de-madrid","category-microbiologia-clinica","tag-angela-gomez-alferez","tag-benito-requeiro-garcia","tag-elisa-agudo-gisbert","tag-jose-prieto-prieto","tag-juan-jose-picazo-de-la-garza"],"_links":{"self":[{"href":"https:\/\/www.deberes.net\/tesis\/wp-json\/wp\/v2\/posts\/142508","targetHints":{"allow":["GET"]}}],"collection":[{"href":"https:\/\/www.deberes.net\/tesis\/wp-json\/wp\/v2\/posts"}],"about":[{"href":"https:\/\/www.deberes.net\/tesis\/wp-json\/wp\/v2\/types\/post"}],"author":[{"embeddable":true,"href":"https:\/\/www.deberes.net\/tesis\/wp-json\/wp\/v2\/users\/1"}],"replies":[{"embeddable":true,"href":"https:\/\/www.deberes.net\/tesis\/wp-json\/wp\/v2\/comments?post=142508"}],"version-history":[{"count":0,"href":"https:\/\/www.deberes.net\/tesis\/wp-json\/wp\/v2\/posts\/142508\/revisions"}],"wp:attachment":[{"href":"https:\/\/www.deberes.net\/tesis\/wp-json\/wp\/v2\/media?parent=142508"}],"wp:term":[{"taxonomy":"category","embeddable":true,"href":"https:\/\/www.deberes.net\/tesis\/wp-json\/wp\/v2\/categories?post=142508"},{"taxonomy":"post_tag","embeddable":true,"href":"https:\/\/www.deberes.net\/tesis\/wp-json\/wp\/v2\/tags?post=142508"}],"curies":[{"name":"wp","href":"https:\/\/api.w.org\/{rel}","templated":true}]}}