{"id":14251,"date":"2001-03-12T00:00:00","date_gmt":"2001-03-12T00:00:00","guid":{"rendered":"https:\/\/www.deberes.net\/tesis\/sin-categoria\/el-editorial-perioda%c2%adstico-como-genero-expresivo\/"},"modified":"2001-03-12T00:00:00","modified_gmt":"2001-03-12T00:00:00","slug":"el-editorial-perioda%c2%adstico-como-genero-expresivo","status":"publish","type":"post","link":"https:\/\/www.deberes.net\/tesis\/linguistica\/el-editorial-perioda%c2%adstico-como-genero-expresivo\/","title":{"rendered":"El editorial period\u00edstico como g\u00e9nero expresivo"},"content":{"rendered":"<h2>Tesis doctoral de <strong> Jos\u00e9 S\u00e1nchez Robles <\/strong><\/h2>\n<p>Textual no s\u00f3lo hacen posible, sino que exigen la presencia de la ret\u00f3rica en este trabajo supone entonces el intento de construir una teor\u00eda coherente sobre el editorial como g\u00e9nero expresivo tratando de coordinar e integrar en el marco de la reflexi\u00f3n sobre los g\u00e9neros y sus clases de textos de descripci\u00f3n particular de los diversos aspectos del texto editorialista y de esa forma construir un modelo te\u00f3rico lo m\u00e1s generalizable posible y de aplicaci\u00f3n al mayor n\u00famero de casos de esta secci\u00f3n de un peri\u00f3dico con el fin de aportar conocimientos sobre la estructura fenomenol\u00f3gica y hermen\u00e9utica de un editorial period\u00edstico.  seg\u00fan aparece en el apartado de las conclusiones, se demostr\u00f3 entre otros aspectos con los argumentos cient\u00edficos probados que al ret\u00f3rica y la semi\u00f3tica asociaci\u00f3n con otras disciplinas textuales para el an\u00e1lisis del tratamiento te\u00f3rico del proceso de construcci\u00f3n y sus caracter\u00edsticas del editorial peri\u00f3distico, en tanto que unidad semi\u00f3tica estructural dotada de dos dimensiones interrelacionadas: composicional y pragm\u00e1tica, as\u00ed como el hecho que un editorial se articula por la presencia de una superestructura argumentativa en la macro estructura que organiza las partes del texto, delimita su contenido y de la que depende el tono textual apelativo-persuasivo mediante el que se pretende influir en el lector para que reflexione acerca de la opini\u00f3n que se le presenta, por lo que es.<\/p>\n<p>&nbsp;<\/p>\n<h3>Datos acad\u00e9micos de la tesis doctoral \u00ab<strong>El editorial period\u00edstico como g\u00e9nero expresivo<\/strong>\u00ab<\/h3>\n<ul>\n<li><strong>T\u00edtulo de la tesis:<\/strong>\u00a0 El editorial period\u00edstico como g\u00e9nero expresivo <\/li>\n<li><strong>Autor:<\/strong>\u00a0 Jos\u00e9 S\u00e1nchez Robles <\/li>\n<li><strong>Universidad:<\/strong>\u00a0 Aut\u00f3noma de Madrid<\/li>\n<li><strong>Fecha de lectura de la tesis:<\/strong>\u00a0 03\/12\/2001<\/li>\n<\/ul>\n<p>&nbsp;<\/p>\n<h3>Direcci\u00f3n y tribunal<\/h3>\n<ul>\n<li><strong>Director de la tesis<\/strong>\n<ul>\n<li>Antonio  Pedro Garcia Berrio  Hernandez<\/li>\n<\/ul>\n<\/li>\n<li><strong>Tribunal<\/strong>\n<ul>\n<li>Presidente del tribunal: teodosio Fernandez rodriguez <\/li>\n<li>Juan Amo vazquez (vocal)<\/li>\n<li>tomas Albaladejo mayordomo (vocal)<\/li>\n<li>Juan Villar degano (vocal)<\/li>\n<\/ul>\n<\/li>\n<\/ul>\n<p>&nbsp;<\/p>\n","protected":false},"excerpt":{"rendered":"<p>Tesis doctoral de Jos\u00e9 S\u00e1nchez Robles Textual no s\u00f3lo hacen posible, sino que exigen la presencia de la ret\u00f3rica en [&hellip;]<\/p>\n","protected":false},"author":1,"featured_media":0,"comment_status":"open","ping_status":"open","sticky":false,"template":"","format":"standard","meta":{"site-sidebar-layout":"default","site-content-layout":"","ast-site-content-layout":"","site-content-style":"default","site-sidebar-style":"default","ast-global-header-display":"","ast-banner-title-visibility":"","ast-main-header-display":"","ast-hfb-above-header-display":"","ast-hfb-below-header-display":"","ast-hfb-mobile-header-display":"","site-post-title":"","ast-breadcrumbs-content":"","ast-featured-img":"","footer-sml-layout":"","theme-transparent-header-meta":"","adv-header-id-meta":"","stick-header-meta":"","header-above-stick-meta":"","header-main-stick-meta":"","header-below-stick-meta":"","astra-migrate-meta-layouts":"default","ast-page-background-enabled":"default","ast-page-background-meta":{"desktop":{"background-color":"var(--ast-global-color-4)","background-image":"","background-repeat":"repeat","background-position":"center center","background-size":"auto","background-attachment":"scroll","background-type":"","background-media":"","overlay-type":"","overlay-color":"","overlay-gradient":""},"tablet":{"background-color":"","background-image":"","background-repeat":"repeat","background-position":"center center","background-size":"auto","background-attachment":"scroll","background-type":"","background-media":"","overlay-type":"","overlay-color":"","overlay-gradient":""},"mobile":{"background-color":"","background-image":"","background-repeat":"repeat","background-position":"center center","background-size":"auto","background-attachment":"scroll","background-type":"","background-media":"","overlay-type":"","overlay-color":"","overlay-gradient":""}},"ast-content-background-meta":{"desktop":{"background-color":"var(--ast-global-color-5)","background-image":"","background-repeat":"repeat","background-position":"center center","background-size":"auto","background-attachment":"scroll","background-type":"","background-media":"","overlay-type":"","overlay-color":"","overlay-gradient":""},"tablet":{"background-color":"var(--ast-global-color-5)","background-image":"","background-repeat":"repeat","background-position":"center center","background-size":"auto","background-attachment":"scroll","background-type":"","background-media":"","overlay-type":"","overlay-color":"","overlay-gradient":""},"mobile":{"background-color":"var(--ast-global-color-5)","background-image":"","background-repeat":"repeat","background-position":"center center","background-size":"auto","background-attachment":"scroll","background-type":"","background-media":"","overlay-type":"","overlay-color":"","overlay-gradient":""}},"footnotes":""},"categories":[3925,59,62],"tags":[14762,45956,45957,45958,4849,4759],"class_list":["post-14251","post","type-post","status-publish","format-standard","hentry","category-estilo-y-retorica","category-linguistica","category-linguistica-sincronica","tag-antonio-pedro-garcia-berrio-hernandez","tag-jose-sanchez-robles","tag-juan-amo-vazquez","tag-juan-villar-degano","tag-teodosio-fernandez-rodriguez","tag-tomas-albaladejo-mayordomo"],"_links":{"self":[{"href":"https:\/\/www.deberes.net\/tesis\/wp-json\/wp\/v2\/posts\/14251","targetHints":{"allow":["GET"]}}],"collection":[{"href":"https:\/\/www.deberes.net\/tesis\/wp-json\/wp\/v2\/posts"}],"about":[{"href":"https:\/\/www.deberes.net\/tesis\/wp-json\/wp\/v2\/types\/post"}],"author":[{"embeddable":true,"href":"https:\/\/www.deberes.net\/tesis\/wp-json\/wp\/v2\/users\/1"}],"replies":[{"embeddable":true,"href":"https:\/\/www.deberes.net\/tesis\/wp-json\/wp\/v2\/comments?post=14251"}],"version-history":[{"count":0,"href":"https:\/\/www.deberes.net\/tesis\/wp-json\/wp\/v2\/posts\/14251\/revisions"}],"wp:attachment":[{"href":"https:\/\/www.deberes.net\/tesis\/wp-json\/wp\/v2\/media?parent=14251"}],"wp:term":[{"taxonomy":"category","embeddable":true,"href":"https:\/\/www.deberes.net\/tesis\/wp-json\/wp\/v2\/categories?post=14251"},{"taxonomy":"post_tag","embeddable":true,"href":"https:\/\/www.deberes.net\/tesis\/wp-json\/wp\/v2\/tags?post=14251"}],"curies":[{"name":"wp","href":"https:\/\/api.w.org\/{rel}","templated":true}]}}