{"id":142564,"date":"1993-01-01T00:00:00","date_gmt":"1993-01-01T00:00:00","guid":{"rendered":"https:\/\/www.deberes.net\/tesis\/sin-categoria\/alteraciones-de-los-pigmentos-fotosinteticos-de-la-fluorescencia-de-las-clorofilas-y-de-la-ultraestructura-de-liquenes-expuestos-a-so2-y-no3\/"},"modified":"1993-01-01T00:00:00","modified_gmt":"1993-01-01T00:00:00","slug":"alteraciones-de-los-pigmentos-fotosinteticos-de-la-fluorescencia-de-las-clorofilas-y-de-la-ultraestructura-de-liquenes-expuestos-a-so2-y-no3","status":"publish","type":"post","link":"https:\/\/www.deberes.net\/tesis\/ciencias-de-la-vida\/alteraciones-de-los-pigmentos-fotosinteticos-de-la-fluorescencia-de-las-clorofilas-y-de-la-ultraestructura-de-liquenes-expuestos-a-so2-y-no3\/","title":{"rendered":"Alteraciones de los pigmentos fotosinteticos, de la fluorescencia de las clorofilas y de la ultraestructura de liquenes expuestos a so2 y no3"},"content":{"rendered":"<h2>Tesis doctoral de <strong> Luis Balaguer N\u00fa\u00f1ez <\/strong><\/h2>\n<p>Se estudia el efecto del dioxido de azufre y el nitrato, por separado y en combinacion, en liquenes expuestos a ambos contaminantes en camaras de fumigacion, bajo condiciones seminaturales. Los efectos se evaluan mediante el analisis de tres variables de respuesta: las variaciones en el contenido en clorofilas y su degradacion a feofitinas, variaciones en la fluorescencia temprana de las clorofilas in vivo, y alteracion de la estructura celular. Los resultados se comparan con los obtenidos en un seguimiento durante cuatro a\u00f1os del estado de liquenes autoctonos y transplantados, procedentes de una estacion control, en un territorio presuntamente sometido a la accion de contaminantes atmosfericos.<\/p>\n<p>&nbsp;<\/p>\n<h3>Datos acad\u00e9micos de la tesis doctoral \u00ab<strong>Alteraciones de los pigmentos fotosinteticos, de la fluorescencia de las clorofilas y de la ultraestructura de liquenes expuestos a so2 y no3<\/strong>\u00ab<\/h3>\n<ul>\n<li><strong>T\u00edtulo de la tesis:<\/strong>\u00a0 Alteraciones de los pigmentos fotosinteticos, de la fluorescencia de las clorofilas y de la ultraestructura de liquenes expuestos a so2 y no3 <\/li>\n<li><strong>Autor:<\/strong>\u00a0 Luis Balaguer N\u00fa\u00f1ez <\/li>\n<li><strong>Universidad:<\/strong>\u00a0 Complutense de Madrid<\/li>\n<li><strong>Fecha de lectura de la tesis:<\/strong>\u00a0 01\/01\/1993<\/li>\n<\/ul>\n<p>&nbsp;<\/p>\n<h3>Direcci\u00f3n y tribunal<\/h3>\n<ul>\n<li><strong>Director de la tesis<\/strong>\n<ul>\n<li>Esteban Manrique Reol<\/li>\n<\/ul>\n<\/li>\n<li><strong>Tribunal<\/strong>\n<ul>\n<li>Presidente del tribunal:  Ron Alvarez M. Eugenia <\/li>\n<li>Mill\u00e1n Mill\u00e1n Mu\u00f1oz (vocal)<\/li>\n<li>Carmen Ascaso Ciria (vocal)<\/li>\n<li>Francisco Castillo Martinez (vocal)<\/li>\n<\/ul>\n<\/li>\n<\/ul>\n<p>&nbsp;<\/p>\n","protected":false},"excerpt":{"rendered":"<p>Tesis doctoral de Luis Balaguer N\u00fa\u00f1ez Se estudia el efecto del dioxido de azufre y el nitrato, por separado y [&hellip;]<\/p>\n","protected":false},"author":1,"featured_media":0,"comment_status":"open","ping_status":"open","sticky":false,"template":"","format":"standard","meta":{"site-sidebar-layout":"default","site-content-layout":"","ast-site-content-layout":"","site-content-style":"default","site-sidebar-style":"default","ast-global-header-display":"","ast-banner-title-visibility":"","ast-main-header-display":"","ast-hfb-above-header-display":"","ast-hfb-below-header-display":"","ast-hfb-mobile-header-display":"","site-post-title":"","ast-breadcrumbs-content":"","ast-featured-img":"","footer-sml-layout":"","theme-transparent-header-meta":"","adv-header-id-meta":"","stick-header-meta":"","header-above-stick-meta":"","header-main-stick-meta":"","header-below-stick-meta":"","astra-migrate-meta-layouts":"default","ast-page-background-enabled":"default","ast-page-background-meta":{"desktop":{"background-color":"var(--ast-global-color-4)","background-image":"","background-repeat":"repeat","background-position":"center center","background-size":"auto","background-attachment":"scroll","background-type":"","background-media":"","overlay-type":"","overlay-color":"","overlay-gradient":""},"tablet":{"background-color":"","background-image":"","background-repeat":"repeat","background-position":"center center","background-size":"auto","background-attachment":"scroll","background-type":"","background-media":"","overlay-type":"","overlay-color":"","overlay-gradient":""},"mobile":{"background-color":"","background-image":"","background-repeat":"repeat","background-position":"center center","background-size":"auto","background-attachment":"scroll","background-type":"","background-media":"","overlay-type":"","overlay-color":"","overlay-gradient":""}},"ast-content-background-meta":{"desktop":{"background-color":"var(--ast-global-color-5)","background-image":"","background-repeat":"repeat","background-position":"center center","background-size":"auto","background-attachment":"scroll","background-type":"","background-media":"","overlay-type":"","overlay-color":"","overlay-gradient":""},"tablet":{"background-color":"var(--ast-global-color-5)","background-image":"","background-repeat":"repeat","background-position":"center center","background-size":"auto","background-attachment":"scroll","background-type":"","background-media":"","overlay-type":"","overlay-color":"","overlay-gradient":""},"mobile":{"background-color":"var(--ast-global-color-5)","background-image":"","background-repeat":"repeat","background-position":"center center","background-size":"auto","background-attachment":"scroll","background-type":"","background-media":"","overlay-type":"","overlay-color":"","overlay-gradient":""}},"footnotes":""},"categories":[972,35,986,620,3443],"tags":[24474,24386,257251,119495,5882,7012],"class_list":["post-142564","post","type-post","status-publish","format-standard","hentry","category-botanica","category-ciencias-de-la-vida","category-complutense-de-madrid","category-ecologia-vegetal","category-simbiosis","tag-carmen-ascaso-ciria","tag-esteban-manrique-reol","tag-francisco-castillo-Martinez","tag-luis-balaguer-nunez","tag-millan-millan-munoz","tag-ron-alvarez-m-eugenia"],"_links":{"self":[{"href":"https:\/\/www.deberes.net\/tesis\/wp-json\/wp\/v2\/posts\/142564","targetHints":{"allow":["GET"]}}],"collection":[{"href":"https:\/\/www.deberes.net\/tesis\/wp-json\/wp\/v2\/posts"}],"about":[{"href":"https:\/\/www.deberes.net\/tesis\/wp-json\/wp\/v2\/types\/post"}],"author":[{"embeddable":true,"href":"https:\/\/www.deberes.net\/tesis\/wp-json\/wp\/v2\/users\/1"}],"replies":[{"embeddable":true,"href":"https:\/\/www.deberes.net\/tesis\/wp-json\/wp\/v2\/comments?post=142564"}],"version-history":[{"count":0,"href":"https:\/\/www.deberes.net\/tesis\/wp-json\/wp\/v2\/posts\/142564\/revisions"}],"wp:attachment":[{"href":"https:\/\/www.deberes.net\/tesis\/wp-json\/wp\/v2\/media?parent=142564"}],"wp:term":[{"taxonomy":"category","embeddable":true,"href":"https:\/\/www.deberes.net\/tesis\/wp-json\/wp\/v2\/categories?post=142564"},{"taxonomy":"post_tag","embeddable":true,"href":"https:\/\/www.deberes.net\/tesis\/wp-json\/wp\/v2\/tags?post=142564"}],"curies":[{"name":"wp","href":"https:\/\/api.w.org\/{rel}","templated":true}]}}