{"id":142597,"date":"1993-01-01T00:00:00","date_gmt":"1993-01-01T00:00:00","guid":{"rendered":"https:\/\/www.deberes.net\/tesis\/sin-categoria\/sobre-el-establecimiento-social-de-una-organizacion-de-proteccion-aproximaciones-a-la-construccion-social-del-establecimiento-militar\/"},"modified":"1993-01-01T00:00:00","modified_gmt":"1993-01-01T00:00:00","slug":"sobre-el-establecimiento-social-de-una-organizacion-de-proteccion-aproximaciones-a-la-construccion-social-del-establecimiento-militar","status":"publish","type":"post","link":"https:\/\/www.deberes.net\/tesis\/sociologia\/sobre-el-establecimiento-social-de-una-organizacion-de-proteccion-aproximaciones-a-la-construccion-social-del-establecimiento-militar\/","title":{"rendered":"Sobre el establecimiento social de una organizacion de proteccion. aproximaciones a la construccion social del establecimiento militar."},"content":{"rendered":"<h2>Tesis doctoral de <strong> Carlos Bruquetas Galan <\/strong><\/h2>\n<p>Esta tesis estudia el papel instrumental de la percepcion de la amenaza como generadora de constructos sociales de proteccion entre los que esta el militar, induciendo organizaciones totalizantes que mas tarde se diversifican entre la institucion y la organizacion compleja. La influencia de ciertos procesos de socializacion tiende a mantener rasgos arcaicos, totales, en las organizaciones militares mas institucionales. Las personalidades modales, que en ellas se socializan, estables y compactas, producen brechas institucion-sociedad. El sesgo institucional influye en las deformaciones profesionales y la vulneracion de las libertades. Pero los rasgos paisanizantes convergen con la sociedad y cooperan en superar las contradicciones de esta.<\/p>\n<p>&nbsp;<\/p>\n<h3>Datos acad\u00e9micos de la tesis doctoral \u00ab<strong>Sobre el establecimiento social de una organizacion de proteccion. aproximaciones a la construccion social del establecimiento militar.<\/strong>\u00ab<\/h3>\n<ul>\n<li><strong>T\u00edtulo de la tesis:<\/strong>\u00a0 Sobre el establecimiento social de una organizacion de proteccion. aproximaciones a la construccion social del establecimiento militar. <\/li>\n<li><strong>Autor:<\/strong>\u00a0 Carlos Bruquetas Galan <\/li>\n<li><strong>Universidad:<\/strong>\u00a0 Complutense de Madrid<\/li>\n<li><strong>Fecha de lectura de la tesis:<\/strong>\u00a0 01\/01\/1993<\/li>\n<\/ul>\n<p>&nbsp;<\/p>\n<h3>Direcci\u00f3n y tribunal<\/h3>\n<ul>\n<li><strong>Director de la tesis<\/strong>\n<ul>\n<li> Lamo De Espinosa Michels De Champourcin Emilio<\/li>\n<\/ul>\n<\/li>\n<li><strong>Tribunal<\/strong>\n<ul>\n<li>Presidente del tribunal: Jos\u00e9 Enrique Rodr\u00edguez Ib\u00e1\u00f1ez <\/li>\n<li>Ines Alberdi Alonso (vocal)<\/li>\n<li>Jos\u00e9 Juan Toharia Cort\u00e9s (vocal)<\/li>\n<li> Torregrosa Peris Jos\u00e9 Ramon (vocal)<\/li>\n<\/ul>\n<\/li>\n<\/ul>\n<p>&nbsp;<\/p>\n","protected":false},"excerpt":{"rendered":"<p>Tesis doctoral de Carlos Bruquetas Galan Esta tesis estudia el papel instrumental de la percepcion de la amenaza como generadora [&hellip;]<\/p>\n","protected":false},"author":1,"featured_media":0,"comment_status":"open","ping_status":"open","sticky":false,"template":"","format":"standard","meta":{"site-sidebar-layout":"default","site-content-layout":"","ast-site-content-layout":"","site-content-style":"default","site-sidebar-style":"default","ast-global-header-display":"","ast-banner-title-visibility":"","ast-main-header-display":"","ast-hfb-above-header-display":"","ast-hfb-below-header-display":"","ast-hfb-mobile-header-display":"","site-post-title":"","ast-breadcrumbs-content":"","ast-featured-img":"","footer-sml-layout":"","theme-transparent-header-meta":"","adv-header-id-meta":"","stick-header-meta":"","header-above-stick-meta":"","header-main-stick-meta":"","header-below-stick-meta":"","astra-migrate-meta-layouts":"default","ast-page-background-enabled":"default","ast-page-background-meta":{"desktop":{"background-color":"var(--ast-global-color-4)","background-image":"","background-repeat":"repeat","background-position":"center center","background-size":"auto","background-attachment":"scroll","background-type":"","background-media":"","overlay-type":"","overlay-color":"","overlay-gradient":""},"tablet":{"background-color":"","background-image":"","background-repeat":"repeat","background-position":"center center","background-size":"auto","background-attachment":"scroll","background-type":"","background-media":"","overlay-type":"","overlay-color":"","overlay-gradient":""},"mobile":{"background-color":"","background-image":"","background-repeat":"repeat","background-position":"center center","background-size":"auto","background-attachment":"scroll","background-type":"","background-media":"","overlay-type":"","overlay-color":"","overlay-gradient":""}},"ast-content-background-meta":{"desktop":{"background-color":"var(--ast-global-color-5)","background-image":"","background-repeat":"repeat","background-position":"center center","background-size":"auto","background-attachment":"scroll","background-type":"","background-media":"","overlay-type":"","overlay-color":"","overlay-gradient":""},"tablet":{"background-color":"var(--ast-global-color-5)","background-image":"","background-repeat":"repeat","background-position":"center center","background-size":"auto","background-attachment":"scroll","background-type":"","background-media":"","overlay-type":"","overlay-color":"","overlay-gradient":""},"mobile":{"background-color":"var(--ast-global-color-5)","background-image":"","background-repeat":"repeat","background-position":"center center","background-size":"auto","background-attachment":"scroll","background-type":"","background-media":"","overlay-type":"","overlay-color":"","overlay-gradient":""}},"footnotes":""},"categories":[986,269,270,17329],"tags":[257283,4118,7345,45435,23860,7343],"class_list":["post-142597","post","type-post","status-publish","format-standard","hentry","category-complutense-de-madrid","category-sociologia","category-sociologia-general","category-teoria-sociologica","tag-carlos-bruquetas-galan","tag-ines-alberdi-alonso","tag-jose-enrique-rodriguez-ibanez","tag-jose-juan-toharia-cortes","tag-lamo-de-espinosa-michels-de-champourcin-emilio","tag-torregrosa-peris-jose-ramon"],"_links":{"self":[{"href":"https:\/\/www.deberes.net\/tesis\/wp-json\/wp\/v2\/posts\/142597","targetHints":{"allow":["GET"]}}],"collection":[{"href":"https:\/\/www.deberes.net\/tesis\/wp-json\/wp\/v2\/posts"}],"about":[{"href":"https:\/\/www.deberes.net\/tesis\/wp-json\/wp\/v2\/types\/post"}],"author":[{"embeddable":true,"href":"https:\/\/www.deberes.net\/tesis\/wp-json\/wp\/v2\/users\/1"}],"replies":[{"embeddable":true,"href":"https:\/\/www.deberes.net\/tesis\/wp-json\/wp\/v2\/comments?post=142597"}],"version-history":[{"count":0,"href":"https:\/\/www.deberes.net\/tesis\/wp-json\/wp\/v2\/posts\/142597\/revisions"}],"wp:attachment":[{"href":"https:\/\/www.deberes.net\/tesis\/wp-json\/wp\/v2\/media?parent=142597"}],"wp:term":[{"taxonomy":"category","embeddable":true,"href":"https:\/\/www.deberes.net\/tesis\/wp-json\/wp\/v2\/categories?post=142597"},{"taxonomy":"post_tag","embeddable":true,"href":"https:\/\/www.deberes.net\/tesis\/wp-json\/wp\/v2\/tags?post=142597"}],"curies":[{"name":"wp","href":"https:\/\/api.w.org\/{rel}","templated":true}]}}