{"id":142653,"date":"1993-01-01T00:00:00","date_gmt":"1993-01-01T00:00:00","guid":{"rendered":"https:\/\/www.deberes.net\/tesis\/sin-categoria\/el-memorial-para-la-nueva-espana-de-las-noticias-sacras-y-reales-de-juan-diez-de-la-calle-estudio-critico-edicion-e-indices\/"},"modified":"1993-01-01T00:00:00","modified_gmt":"1993-01-01T00:00:00","slug":"el-memorial-para-la-nueva-espana-de-las-noticias-sacras-y-reales-de-juan-diez-de-la-calle-estudio-critico-edicion-e-indices","status":"publish","type":"post","link":"https:\/\/www.deberes.net\/tesis\/historia\/el-memorial-para-la-nueva-espana-de-las-noticias-sacras-y-reales-de-juan-diez-de-la-calle-estudio-critico-edicion-e-indices\/","title":{"rendered":"El memorial para la nueva espa\u00f1a de las noticias sacras y reales de juan diez de la calle. estudio critico, edicion e indices."},"content":{"rendered":"<h2>Tesis doctoral de <strong> Roberto Cillanueva Magdalena <\/strong><\/h2>\n<p>El objetivo de este trabajo consiste en hacer un analisis exegetico de una obra de suma importancia para el conocimiento de la organizacion territorial y administrativa indiana (en especial del virreinato de la nueva espa\u00f1a), tanto eclesiastica como secular, a mediados del siglo xvii. Se trata del memorial y noticias sacras y reales del imperio de las indias occidentales dedicada el rey felipe iv y escrita y publicada en el a\u00f1o de 1646 por juan diez de la calle.\u00f1 El nucleo central de esta tesis lo constituyen tres secciones del sumario. La primera describe y caracteriza el memorial, se\u00f1alando cual es su estructura. La segunda esta dedicada al estudio interno del mismo. En ella se analizan las cinco partes comprendidas en la obra que, referida en este caso solamente al virreinato de la nueva espa\u00f1a, se divide en cinco capitulos, correspondientes a las sendas audiencias reales que lo integraban. Dicho capitulado va precedido de varios documentos preliminares y sucedido de otros tantos finales que incluye el autor en el texto. En cada uno de estos apartados se analiza su contenido y se determinan sus fuentes. La tercera seccion da cuenta y razon de las principales noticias que ofrece diez de la calle sobre multiples aspectos de la administracion novohispana. El resultado de este analisis queda contenido en la ultima seccion dedicada a las conclusiones. El nucleo que llamamos central va precedido, ademas de un capitulo que contiene breves datos biograficos sobre el autor y su familia, una relacion de sus memoriales y una evaluacion de su trabajo, tanto profesional como editorial.\u00f1 Para hacer de mas facil comprension la lectura del memorial se ha realizado una edicion actualizada del mismo. Las normas que hemos utilizado para elaborarla quedan contenidas en el acapite iii.\u00f1 Por ultimo, el estudio adjunta un analisis final, a\u00f1adido a los del autor, que contiene varios indices.\u00f1<\/p>\n<p>&nbsp;<\/p>\n<h3>Datos acad\u00e9micos de la tesis doctoral \u00ab<strong>El memorial para la nueva espa\u00f1a de las noticias sacras y reales de juan diez de la calle. estudio critico, edicion e indices.<\/strong>\u00ab<\/h3>\n<ul>\n<li><strong>T\u00edtulo de la tesis:<\/strong>\u00a0 El memorial para la nueva espa\u00f1a de las noticias sacras y reales de juan diez de la calle. estudio critico, edicion e indices. <\/li>\n<li><strong>Autor:<\/strong>\u00a0 Roberto Cillanueva Magdalena <\/li>\n<li><strong>Universidad:<\/strong>\u00a0 Complutense de Madrid<\/li>\n<li><strong>Fecha de lectura de la tesis:<\/strong>\u00a0 01\/01\/1993<\/li>\n<\/ul>\n<p>&nbsp;<\/p>\n<h3>Direcci\u00f3n y tribunal<\/h3>\n<ul>\n<li><strong>Director de la tesis<\/strong>\n<ul>\n<li>Gustavo Villapalos Salas<\/li>\n<\/ul>\n<\/li>\n<li><strong>Tribunal<\/strong>\n<ul>\n<li>Presidente del tribunal:  Villar Palasi Jos\u00e9 Luis <\/li>\n<li>Miguel \u00e1ngel Gonz\u00e1lez De San Segundo (vocal)<\/li>\n<li>Rogelio P\u00e9rez-bustamante Gonz\u00e1lez (vocal)<\/li>\n<li>Bruno Aguilera Barchet (vocal)<\/li>\n<\/ul>\n<\/li>\n<\/ul>\n<p>&nbsp;<\/p>\n","protected":false},"excerpt":{"rendered":"<p>Tesis doctoral de Roberto Cillanueva Magdalena El objetivo de este trabajo consiste en hacer un analisis exegetico de una obra [&hellip;]<\/p>\n","protected":false},"author":1,"featured_media":0,"comment_status":"open","ping_status":"open","sticky":false,"template":"","format":"standard","meta":{"site-sidebar-layout":"default","site-content-layout":"","ast-site-content-layout":"","site-content-style":"default","site-sidebar-style":"default","ast-global-header-display":"","ast-banner-title-visibility":"","ast-main-header-display":"","ast-hfb-above-header-display":"","ast-hfb-below-header-display":"","ast-hfb-mobile-header-display":"","site-post-title":"","ast-breadcrumbs-content":"","ast-featured-img":"","footer-sml-layout":"","theme-transparent-header-meta":"","adv-header-id-meta":"","stick-header-meta":"","header-above-stick-meta":"","header-main-stick-meta":"","header-below-stick-meta":"","astra-migrate-meta-layouts":"default","ast-page-background-enabled":"default","ast-page-background-meta":{"desktop":{"background-color":"var(--ast-global-color-4)","background-image":"","background-repeat":"repeat","background-position":"center center","background-size":"auto","background-attachment":"scroll","background-type":"","background-media":"","overlay-type":"","overlay-color":"","overlay-gradient":""},"tablet":{"background-color":"","background-image":"","background-repeat":"repeat","background-position":"center center","background-size":"auto","background-attachment":"scroll","background-type":"","background-media":"","overlay-type":"","overlay-color":"","overlay-gradient":""},"mobile":{"background-color":"","background-image":"","background-repeat":"repeat","background-position":"center center","background-size":"auto","background-attachment":"scroll","background-type":"","background-media":"","overlay-type":"","overlay-color":"","overlay-gradient":""}},"ast-content-background-meta":{"desktop":{"background-color":"var(--ast-global-color-5)","background-image":"","background-repeat":"repeat","background-position":"center center","background-size":"auto","background-attachment":"scroll","background-type":"","background-media":"","overlay-type":"","overlay-color":"","overlay-gradient":""},"tablet":{"background-color":"var(--ast-global-color-5)","background-image":"","background-repeat":"repeat","background-position":"center center","background-size":"auto","background-attachment":"scroll","background-type":"","background-media":"","overlay-type":"","overlay-color":"","overlay-gradient":""},"mobile":{"background-color":"var(--ast-global-color-5)","background-image":"","background-repeat":"repeat","background-position":"center center","background-size":"auto","background-attachment":"scroll","background-type":"","background-media":"","overlay-type":"","overlay-color":"","overlay-gradient":""}},"footnotes":""},"categories":[986,104,758,222],"tags":[5967,5337,5341,257350,5340,4717],"class_list":["post-142653","post","type-post","status-publish","format-standard","hentry","category-complutense-de-madrid","category-historia","category-historia-del-derecho-y-de-las-instituciones-juridicas","category-historias-especializadas","tag-bruno-aguilera-barchet","tag-gustavo-villapalos-salas","tag-miguel-angel-gonzalez-de-san-segundo","tag-roberto-cillanueva-magdalena","tag-rogelio-perez-bustamante-gonzalez","tag-villar-palasi-jose-luis"],"_links":{"self":[{"href":"https:\/\/www.deberes.net\/tesis\/wp-json\/wp\/v2\/posts\/142653","targetHints":{"allow":["GET"]}}],"collection":[{"href":"https:\/\/www.deberes.net\/tesis\/wp-json\/wp\/v2\/posts"}],"about":[{"href":"https:\/\/www.deberes.net\/tesis\/wp-json\/wp\/v2\/types\/post"}],"author":[{"embeddable":true,"href":"https:\/\/www.deberes.net\/tesis\/wp-json\/wp\/v2\/users\/1"}],"replies":[{"embeddable":true,"href":"https:\/\/www.deberes.net\/tesis\/wp-json\/wp\/v2\/comments?post=142653"}],"version-history":[{"count":0,"href":"https:\/\/www.deberes.net\/tesis\/wp-json\/wp\/v2\/posts\/142653\/revisions"}],"wp:attachment":[{"href":"https:\/\/www.deberes.net\/tesis\/wp-json\/wp\/v2\/media?parent=142653"}],"wp:term":[{"taxonomy":"category","embeddable":true,"href":"https:\/\/www.deberes.net\/tesis\/wp-json\/wp\/v2\/categories?post=142653"},{"taxonomy":"post_tag","embeddable":true,"href":"https:\/\/www.deberes.net\/tesis\/wp-json\/wp\/v2\/tags?post=142653"}],"curies":[{"name":"wp","href":"https:\/\/api.w.org\/{rel}","templated":true}]}}