{"id":142663,"date":"1993-01-01T00:00:00","date_gmt":"1993-01-01T00:00:00","guid":{"rendered":"https:\/\/www.deberes.net\/tesis\/sin-categoria\/estado-social-y-autonomia-municipal-en-espana-y-en-mexico\/"},"modified":"1993-01-01T00:00:00","modified_gmt":"1993-01-01T00:00:00","slug":"estado-social-y-autonomia-municipal-en-espana-y-en-mexico","status":"publish","type":"post","link":"https:\/\/www.deberes.net\/tesis\/ciencias-juridicas-y-derecho\/estado-social-y-autonomia-municipal-en-espana-y-en-mexico\/","title":{"rendered":"Estado social y autonomia municipal en espa\u00f1a y en mexico."},"content":{"rendered":"<h2>Tesis doctoral de <strong>  Covarrubias Due\u00f1as Jos\u00e9 De Jes\u00fas <\/strong><\/h2>\n<p>Ante las profundas transformaciones del mundo actual, las economias de bloque y el neoliberalismo, el denominado \u00abestado social y democratico de derecho\u00bb, se ha mostrado incapaz para resolver las nuevas demandas sociales.  evidentemente, el estado requiere de mayores elementos economicos y sociales que le permitan afrontar las dinamicas viscisitudes que se le presentan; una pieza sine qua non que posee el estado lo es el municipio:  nivel basico de integracion estatal que no ha sido potenciado en toda su magnitud y que requiere que se le consolide su autonomia local con mayor peso especifico a traves de elementos economicos y sociales. El nucleo esencial de la autonomia, se conforma mediante elementos subjetivos, competenciales y financieros; los cuales no se encuentran equilibrados, en virtud a que la autonomia politica requiere la autosuficiencia financiera con una amplia participacion ciudadana en los asuntos publicos, por lo pronto, la autonomia no es equilibrada.\u00f1 Asi, ambos sistemas (espa\u00f1a y mexico), requieren concretarlo para cumplir los fines establecidos en sus marcos constitucionales como edo. Social.\u00f1<\/p>\n<p>&nbsp;<\/p>\n<h3>Datos acad\u00e9micos de la tesis doctoral \u00ab<strong>Estado social y autonomia municipal en espa\u00f1a y en mexico.<\/strong>\u00ab<\/h3>\n<ul>\n<li><strong>T\u00edtulo de la tesis:<\/strong>\u00a0 Estado social y autonomia municipal en espa\u00f1a y en mexico. <\/li>\n<li><strong>Autor:<\/strong>\u00a0  Covarrubias Due\u00f1as Jos\u00e9 De Jes\u00fas <\/li>\n<li><strong>Universidad:<\/strong>\u00a0 Complutense de Madrid<\/li>\n<li><strong>Fecha de lectura de la tesis:<\/strong>\u00a0 01\/01\/1993<\/li>\n<\/ul>\n<p>&nbsp;<\/p>\n<h3>Direcci\u00f3n y tribunal<\/h3>\n<ul>\n<li><strong>Director de la tesis<\/strong>\n<ul>\n<li>Jos\u00e9 Luis Pi\u00f1ar Ma\u00f1as<\/li>\n<\/ul>\n<\/li>\n<li><strong>Tribunal<\/strong>\n<ul>\n<li>Presidente del tribunal:  Garcia De Enterria Eduardo <\/li>\n<li>Lu\u00eds Ignacio Ortega \u00e1lvarez (vocal)<\/li>\n<li> Parejo Alfonso Luciano J. (vocal)<\/li>\n<li>Miguel S\u00e1nchez Mor\u00f3n (vocal)<\/li>\n<\/ul>\n<\/li>\n<\/ul>\n<p>&nbsp;<\/p>\n","protected":false},"excerpt":{"rendered":"<p>Tesis doctoral de Covarrubias Due\u00f1as Jos\u00e9 De Jes\u00fas Ante las profundas transformaciones del mundo actual, las economias de bloque y [&hellip;]<\/p>\n","protected":false},"author":1,"featured_media":0,"comment_status":"open","ping_status":"open","sticky":false,"template":"","format":"standard","meta":{"site-sidebar-layout":"default","site-content-layout":"","ast-site-content-layout":"","site-content-style":"default","site-sidebar-style":"default","ast-global-header-display":"","ast-banner-title-visibility":"","ast-main-header-display":"","ast-hfb-above-header-display":"","ast-hfb-below-header-display":"","ast-hfb-mobile-header-display":"","site-post-title":"","ast-breadcrumbs-content":"","ast-featured-img":"","footer-sml-layout":"","theme-transparent-header-meta":"","adv-header-id-meta":"","stick-header-meta":"","header-above-stick-meta":"","header-main-stick-meta":"","header-below-stick-meta":"","astra-migrate-meta-layouts":"default","ast-page-background-enabled":"default","ast-page-background-meta":{"desktop":{"background-color":"var(--ast-global-color-4)","background-image":"","background-repeat":"repeat","background-position":"center center","background-size":"auto","background-attachment":"scroll","background-type":"","background-media":"","overlay-type":"","overlay-color":"","overlay-gradient":""},"tablet":{"background-color":"","background-image":"","background-repeat":"repeat","background-position":"center center","background-size":"auto","background-attachment":"scroll","background-type":"","background-media":"","overlay-type":"","overlay-color":"","overlay-gradient":""},"mobile":{"background-color":"","background-image":"","background-repeat":"repeat","background-position":"center center","background-size":"auto","background-attachment":"scroll","background-type":"","background-media":"","overlay-type":"","overlay-color":"","overlay-gradient":""}},"ast-content-background-meta":{"desktop":{"background-color":"var(--ast-global-color-5)","background-image":"","background-repeat":"repeat","background-position":"center center","background-size":"auto","background-attachment":"scroll","background-type":"","background-media":"","overlay-type":"","overlay-color":"","overlay-gradient":""},"tablet":{"background-color":"var(--ast-global-color-5)","background-image":"","background-repeat":"repeat","background-position":"center center","background-size":"auto","background-attachment":"scroll","background-type":"","background-media":"","overlay-type":"","overlay-color":"","overlay-gradient":""},"mobile":{"background-color":"var(--ast-global-color-5)","background-image":"","background-repeat":"repeat","background-position":"center center","background-size":"auto","background-attachment":"scroll","background-type":"","background-media":"","overlay-type":"","overlay-color":"","overlay-gradient":""}},"footnotes":""},"categories":[612,986,1442,979],"tags":[257360,17443,6455,6454,18560,18454],"class_list":["post-142663","post","type-post","status-publish","format-standard","hentry","category-ciencias-juridicas-y-derecho","category-complutense-de-madrid","category-derecho-administrativo","category-derecho-y-legislacion-nacionales","tag-covarrubias-duenas-jose-de-jesus","tag-garcia-de-enterria-eduardo","tag-jose-luis-pinar-manas","tag-luis-ignacio-ortega-alvarez","tag-miguel-sanchez-moron","tag-parejo-alfonso-luciano-j"],"_links":{"self":[{"href":"https:\/\/www.deberes.net\/tesis\/wp-json\/wp\/v2\/posts\/142663","targetHints":{"allow":["GET"]}}],"collection":[{"href":"https:\/\/www.deberes.net\/tesis\/wp-json\/wp\/v2\/posts"}],"about":[{"href":"https:\/\/www.deberes.net\/tesis\/wp-json\/wp\/v2\/types\/post"}],"author":[{"embeddable":true,"href":"https:\/\/www.deberes.net\/tesis\/wp-json\/wp\/v2\/users\/1"}],"replies":[{"embeddable":true,"href":"https:\/\/www.deberes.net\/tesis\/wp-json\/wp\/v2\/comments?post=142663"}],"version-history":[{"count":0,"href":"https:\/\/www.deberes.net\/tesis\/wp-json\/wp\/v2\/posts\/142663\/revisions"}],"wp:attachment":[{"href":"https:\/\/www.deberes.net\/tesis\/wp-json\/wp\/v2\/media?parent=142663"}],"wp:term":[{"taxonomy":"category","embeddable":true,"href":"https:\/\/www.deberes.net\/tesis\/wp-json\/wp\/v2\/categories?post=142663"},{"taxonomy":"post_tag","embeddable":true,"href":"https:\/\/www.deberes.net\/tesis\/wp-json\/wp\/v2\/tags?post=142663"}],"curies":[{"name":"wp","href":"https:\/\/api.w.org\/{rel}","templated":true}]}}