{"id":142686,"date":"1993-01-01T00:00:00","date_gmt":"1993-01-01T00:00:00","guid":{"rendered":"https:\/\/www.deberes.net\/tesis\/sin-categoria\/la-valoracion-de-la-incapacidad-laboral-transitoria-en-el-accidente-de-trabajo\/"},"modified":"1993-01-01T00:00:00","modified_gmt":"1993-01-01T00:00:00","slug":"la-valoracion-de-la-incapacidad-laboral-transitoria-en-el-accidente-de-trabajo","status":"publish","type":"post","link":"https:\/\/www.deberes.net\/tesis\/ciencias-medicas\/la-valoracion-de-la-incapacidad-laboral-transitoria-en-el-accidente-de-trabajo\/","title":{"rendered":"La valoracion de la incapacidad laboral transitoria en el accidente de trabajo."},"content":{"rendered":"<h2>Tesis doctoral de <strong> Soledad Doutel Garcia <\/strong><\/h2>\n<p>Se ha realizado un estudio sobre la incapacidad laboral transitoria deriv    de accidentes de trabajo durante el periodo 1987-1991, en una empresa de transportes por ferrocarril con ambito nacional, con una plantilla media 52.264 trabajadores. Se ha procedido a codificar los diagnosticos de las lesiones segun el codigo icd-ix de la oms relacionando su duracion con la      del trabajador y el tipo de trabajo efectuado, asi como la duracion de la baja segun la edad y el tipo de trabajo efectuado. Se ha utilizado un metodo estadistico descriptivo, exploratorio y confirmatorio de los datos  se han obtenido las duraciones maximas estimadas de i.L.T. Para cada una de las lesiones mas frecuentes, en relacion con la edad y el tipo de trabajo realizado. Las patolog\u00edas estudiadas han sido lumbalgia, fractura de falanges de los dedos de las manos, esguince de mu     y mano, esguinces de rodilla, tobillo y pie, herida de los dedos de las m contusiones toracicas, de mu\u00f1eca, mano y dedos de la mano, de rodilla, pierna, tobillo y pie, contusiones multiples y cuerpos extra\u00f1os corneales<\/p>\n<p>&nbsp;<\/p>\n<h3>Datos acad\u00e9micos de la tesis doctoral \u00ab<strong>La valoracion de la incapacidad laboral transitoria en el accidente de trabajo.<\/strong>\u00ab<\/h3>\n<ul>\n<li><strong>T\u00edtulo de la tesis:<\/strong>\u00a0 La valoracion de la incapacidad laboral transitoria en el accidente de trabajo. <\/li>\n<li><strong>Autor:<\/strong>\u00a0 Soledad Doutel Garcia <\/li>\n<li><strong>Universidad:<\/strong>\u00a0 Complutense de Madrid<\/li>\n<li><strong>Fecha de lectura de la tesis:<\/strong>\u00a0 01\/01\/1993<\/li>\n<\/ul>\n<p>&nbsp;<\/p>\n<h3>Direcci\u00f3n y tribunal<\/h3>\n<ul>\n<li><strong>Director de la tesis<\/strong>\n<ul>\n<li>Cesar Borobia Fernandez<\/li>\n<\/ul>\n<\/li>\n<li><strong>Tribunal<\/strong>\n<ul>\n<li>Presidente del tribunal: Vicente Moya Pueyo <\/li>\n<li>Juan  Bautista Marti Lloret (vocal)<\/li>\n<li>Jos\u00e9 Delf\u00edn Villala\u00edn Blanco (vocal)<\/li>\n<li>Julio Cesar Legido Arce (vocal)<\/li>\n<\/ul>\n<\/li>\n<\/ul>\n<p>&nbsp;<\/p>\n","protected":false},"excerpt":{"rendered":"<p>Tesis doctoral de Soledad Doutel Garcia Se ha realizado un estudio sobre la incapacidad laboral transitoria deriv de accidentes de [&hellip;]<\/p>\n","protected":false},"author":1,"featured_media":0,"comment_status":"open","ping_status":"open","sticky":false,"template":"","format":"standard","meta":{"site-sidebar-layout":"default","site-content-layout":"","ast-site-content-layout":"","site-content-style":"default","site-sidebar-style":"default","ast-global-header-display":"","ast-banner-title-visibility":"","ast-main-header-display":"","ast-hfb-above-header-display":"","ast-hfb-below-header-display":"","ast-hfb-mobile-header-display":"","site-post-title":"","ast-breadcrumbs-content":"","ast-featured-img":"","footer-sml-layout":"","theme-transparent-header-meta":"","adv-header-id-meta":"","stick-header-meta":"","header-above-stick-meta":"","header-main-stick-meta":"","header-below-stick-meta":"","astra-migrate-meta-layouts":"default","ast-page-background-enabled":"default","ast-page-background-meta":{"desktop":{"background-color":"var(--ast-global-color-4)","background-image":"","background-repeat":"repeat","background-position":"center center","background-size":"auto","background-attachment":"scroll","background-type":"","background-media":"","overlay-type":"","overlay-color":"","overlay-gradient":""},"tablet":{"background-color":"","background-image":"","background-repeat":"repeat","background-position":"center center","background-size":"auto","background-attachment":"scroll","background-type":"","background-media":"","overlay-type":"","overlay-color":"","overlay-gradient":""},"mobile":{"background-color":"","background-image":"","background-repeat":"repeat","background-position":"center center","background-size":"auto","background-attachment":"scroll","background-type":"","background-media":"","overlay-type":"","overlay-color":"","overlay-gradient":""}},"ast-content-background-meta":{"desktop":{"background-color":"var(--ast-global-color-5)","background-image":"","background-repeat":"repeat","background-position":"center center","background-size":"auto","background-attachment":"scroll","background-type":"","background-media":"","overlay-type":"","overlay-color":"","overlay-gradient":""},"tablet":{"background-color":"var(--ast-global-color-5)","background-image":"","background-repeat":"repeat","background-position":"center center","background-size":"auto","background-attachment":"scroll","background-type":"","background-media":"","overlay-type":"","overlay-color":"","overlay-gradient":""},"mobile":{"background-color":"var(--ast-global-color-5)","background-image":"","background-repeat":"repeat","background-position":"center center","background-size":"auto","background-attachment":"scroll","background-type":"","background-media":"","overlay-type":"","overlay-color":"","overlay-gradient":""}},"footnotes":""},"categories":[612,9,986,2170,979,20598,435],"tags":[22327,5868,9372,13108,257387,5866],"class_list":["post-142686","post","type-post","status-publish","format-standard","hentry","category-ciencias-juridicas-y-derecho","category-ciencias-medicas","category-complutense-de-madrid","category-derecho-del-trabajo-y-de-la-seguridad-social","category-derecho-y-legislacion-nacionales","category-enfermedades-profesionales","category-medicina-del-trabajo","tag-cesar-borobia-fernandez","tag-jose-delfin-villalain-blanco","tag-juan-bautista-marti-lloret","tag-julio-cesar-legido-arce","tag-soledad-doutel-garcia","tag-vicente-moya-pueyo"],"_links":{"self":[{"href":"https:\/\/www.deberes.net\/tesis\/wp-json\/wp\/v2\/posts\/142686","targetHints":{"allow":["GET"]}}],"collection":[{"href":"https:\/\/www.deberes.net\/tesis\/wp-json\/wp\/v2\/posts"}],"about":[{"href":"https:\/\/www.deberes.net\/tesis\/wp-json\/wp\/v2\/types\/post"}],"author":[{"embeddable":true,"href":"https:\/\/www.deberes.net\/tesis\/wp-json\/wp\/v2\/users\/1"}],"replies":[{"embeddable":true,"href":"https:\/\/www.deberes.net\/tesis\/wp-json\/wp\/v2\/comments?post=142686"}],"version-history":[{"count":0,"href":"https:\/\/www.deberes.net\/tesis\/wp-json\/wp\/v2\/posts\/142686\/revisions"}],"wp:attachment":[{"href":"https:\/\/www.deberes.net\/tesis\/wp-json\/wp\/v2\/media?parent=142686"}],"wp:term":[{"taxonomy":"category","embeddable":true,"href":"https:\/\/www.deberes.net\/tesis\/wp-json\/wp\/v2\/categories?post=142686"},{"taxonomy":"post_tag","embeddable":true,"href":"https:\/\/www.deberes.net\/tesis\/wp-json\/wp\/v2\/tags?post=142686"}],"curies":[{"name":"wp","href":"https:\/\/api.w.org\/{rel}","templated":true}]}}