{"id":142708,"date":"1993-01-01T00:00:00","date_gmt":"1993-01-01T00:00:00","guid":{"rendered":"https:\/\/www.deberes.net\/tesis\/sin-categoria\/pastoral-y-apostolado-de-la-palabra-en-el-siglo-xviii-la-reforma-de-la-predicacion-en-su-dimension-practica\/"},"modified":"1993-01-01T00:00:00","modified_gmt":"1993-01-01T00:00:00","slug":"pastoral-y-apostolado-de-la-palabra-en-el-siglo-xviii-la-reforma-de-la-predicacion-en-su-dimension-practica","status":"publish","type":"post","link":"https:\/\/www.deberes.net\/tesis\/historia\/pastoral-y-apostolado-de-la-palabra-en-el-siglo-xviii-la-reforma-de-la-predicacion-en-su-dimension-practica\/","title":{"rendered":"Pastoral y apostolado de la palabra en el siglo xviii: la reforma de la predicacion en su dimension practica."},"content":{"rendered":"<h2>Tesis doctoral de <strong> Mar\u00eda Jes\u00fas Fern\u00e1ndez Cordero <\/strong><\/h2>\n<p>Realizamos en esta tesis doctoral un estudio sobre la predicacion del siglo xviii en sus contenidos. La evolucion de la reforma de la predicacion en sus aspectos formales, derivada de una renovacion de la piedad, dio lugar a una mayor claridad y densidad del discurso eclesiastico. Analizamos los mensajes por el transmitidos en torno a tres nucleos: 1.) La religiosidad misma, centrandonos en la practica sacramental como una de sus principales expresiones, en que se manifiestan los rasgos mas esenciales del universo religioso. 2.) La pastoral ante las realidades del mundo, con el fin de comprender el nexo entre la religiosidad y la vida; el mensaje etico desde el que se intentaba orientar la accion del hombre en lo social y lo personal. 3.) El sentido de la muerte, en el que se pone de relieve la concepcion del mundo, del hombre, de la vida, como perspectiva global en la que se situan todos los enfoques. Se pretende se\u00f1alar las caracteristicas principales de las doctrinas transmitidas, como formadoras de la mentalidad colectiva.<\/p>\n<p>&nbsp;<\/p>\n<h3>Datos acad\u00e9micos de la tesis doctoral \u00ab<strong>Pastoral y apostolado de la palabra en el siglo xviii: la reforma de la predicacion en su dimension practica.<\/strong>\u00ab<\/h3>\n<ul>\n<li><strong>T\u00edtulo de la tesis:<\/strong>\u00a0 Pastoral y apostolado de la palabra en el siglo xviii: la reforma de la predicacion en su dimension practica. <\/li>\n<li><strong>Autor:<\/strong>\u00a0 Mar\u00eda Jes\u00fas Fern\u00e1ndez Cordero <\/li>\n<li><strong>Universidad:<\/strong>\u00a0 Complutense de Madrid<\/li>\n<li><strong>Fecha de lectura de la tesis:<\/strong>\u00a0 01\/01\/1993<\/li>\n<\/ul>\n<p>&nbsp;<\/p>\n<h3>Direcci\u00f3n y tribunal<\/h3>\n<ul>\n<li><strong>Director de la tesis<\/strong>\n<ul>\n<li> Enciso Recio Luis Miguel<\/li>\n<\/ul>\n<\/li>\n<li><strong>Tribunal<\/strong>\n<ul>\n<li>Presidente del tribunal: Carmen Iglesias Cano <\/li>\n<li>Pere Molas Ribalta (vocal)<\/li>\n<li>Mar\u00eda  Victoria Lopez-cordon Cortezo (vocal)<\/li>\n<li>Antonio Mestre Sanchis (vocal)<\/li>\n<\/ul>\n<\/li>\n<\/ul>\n<p>&nbsp;<\/p>\n","protected":false},"excerpt":{"rendered":"<p>Tesis doctoral de Mar\u00eda Jes\u00fas Fern\u00e1ndez Cordero Realizamos en esta tesis doctoral un estudio sobre la predicacion del siglo xviii [&hellip;]<\/p>\n","protected":false},"author":1,"featured_media":0,"comment_status":"open","ping_status":"open","sticky":false,"template":"","format":"standard","meta":{"site-sidebar-layout":"default","site-content-layout":"","ast-site-content-layout":"","site-content-style":"default","site-sidebar-style":"default","ast-global-header-display":"","ast-banner-title-visibility":"","ast-main-header-display":"","ast-hfb-above-header-display":"","ast-hfb-below-header-display":"","ast-hfb-mobile-header-display":"","site-post-title":"","ast-breadcrumbs-content":"","ast-featured-img":"","footer-sml-layout":"","theme-transparent-header-meta":"","adv-header-id-meta":"","stick-header-meta":"","header-above-stick-meta":"","header-main-stick-meta":"","header-below-stick-meta":"","astra-migrate-meta-layouts":"default","ast-page-background-enabled":"default","ast-page-background-meta":{"desktop":{"background-color":"var(--ast-global-color-4)","background-image":"","background-repeat":"repeat","background-position":"center center","background-size":"auto","background-attachment":"scroll","background-type":"","background-media":"","overlay-type":"","overlay-color":"","overlay-gradient":""},"tablet":{"background-color":"","background-image":"","background-repeat":"repeat","background-position":"center center","background-size":"auto","background-attachment":"scroll","background-type":"","background-media":"","overlay-type":"","overlay-color":"","overlay-gradient":""},"mobile":{"background-color":"","background-image":"","background-repeat":"repeat","background-position":"center center","background-size":"auto","background-attachment":"scroll","background-type":"","background-media":"","overlay-type":"","overlay-color":"","overlay-gradient":""}},"ast-content-background-meta":{"desktop":{"background-color":"var(--ast-global-color-5)","background-image":"","background-repeat":"repeat","background-position":"center center","background-size":"auto","background-attachment":"scroll","background-type":"","background-media":"","overlay-type":"","overlay-color":"","overlay-gradient":""},"tablet":{"background-color":"var(--ast-global-color-5)","background-image":"","background-repeat":"repeat","background-position":"center center","background-size":"auto","background-attachment":"scroll","background-type":"","background-media":"","overlay-type":"","overlay-color":"","overlay-gradient":""},"mobile":{"background-color":"var(--ast-global-color-5)","background-image":"","background-repeat":"repeat","background-position":"center center","background-size":"auto","background-attachment":"scroll","background-type":"","background-media":"","overlay-type":"","overlay-color":"","overlay-gradient":""}},"footnotes":""},"categories":[986,104,3967,1015,220,222],"tags":[3361,18570,5916,257409,5360,314],"class_list":["post-142708","post","type-post","status-publish","format-standard","hentry","category-complutense-de-madrid","category-historia","category-historia-de-la-iglesia","category-historia-moderna-del-area-europea","category-historia-por-epocas","category-historias-especializadas","tag-antonio-mestre-sanchis","tag-carmen-iglesias-cano","tag-enciso-recio-luis-miguel","tag-maria-jesus-fernandez-cordero","tag-maria-victoria-lopez-cordon-cortezo","tag-pere-molas-ribalta"],"_links":{"self":[{"href":"https:\/\/www.deberes.net\/tesis\/wp-json\/wp\/v2\/posts\/142708","targetHints":{"allow":["GET"]}}],"collection":[{"href":"https:\/\/www.deberes.net\/tesis\/wp-json\/wp\/v2\/posts"}],"about":[{"href":"https:\/\/www.deberes.net\/tesis\/wp-json\/wp\/v2\/types\/post"}],"author":[{"embeddable":true,"href":"https:\/\/www.deberes.net\/tesis\/wp-json\/wp\/v2\/users\/1"}],"replies":[{"embeddable":true,"href":"https:\/\/www.deberes.net\/tesis\/wp-json\/wp\/v2\/comments?post=142708"}],"version-history":[{"count":0,"href":"https:\/\/www.deberes.net\/tesis\/wp-json\/wp\/v2\/posts\/142708\/revisions"}],"wp:attachment":[{"href":"https:\/\/www.deberes.net\/tesis\/wp-json\/wp\/v2\/media?parent=142708"}],"wp:term":[{"taxonomy":"category","embeddable":true,"href":"https:\/\/www.deberes.net\/tesis\/wp-json\/wp\/v2\/categories?post=142708"},{"taxonomy":"post_tag","embeddable":true,"href":"https:\/\/www.deberes.net\/tesis\/wp-json\/wp\/v2\/tags?post=142708"}],"curies":[{"name":"wp","href":"https:\/\/api.w.org\/{rel}","templated":true}]}}