{"id":142730,"date":"1993-01-01T00:00:00","date_gmt":"1993-01-01T00:00:00","guid":{"rendered":"https:\/\/www.deberes.net\/tesis\/sin-categoria\/ideario-pedagogico-espanol-a-traves-de-la-consulta-al-pais-de-1809\/"},"modified":"1993-01-01T00:00:00","modified_gmt":"1993-01-01T00:00:00","slug":"ideario-pedagogico-espanol-a-traves-de-la-consulta-al-pais-de-1809","status":"publish","type":"post","link":"https:\/\/www.deberes.net\/tesis\/historia\/ideario-pedagogico-espanol-a-traves-de-la-consulta-al-pais-de-1809\/","title":{"rendered":"Ideario pedagogico espa\u00f1ol, a traves de la consulta al pais de 1809."},"content":{"rendered":"<h2>Tesis doctoral de <strong> Modesto Garcia Barrientos <\/strong><\/h2>\n<p>Estudio de las respuestas a \u00abla consulta al pais de 1.809\u00bb sacadas del archivo de las cortes, en lo referente a \u00abla reforma de la ense\u00f1anza e instruccion publica\u00bb. La introduccion consta de cuatro capitulos: lo que es \u00abla consulta al pais\u00bb.  sobre la situacion de la ense\u00f1anza en 1.809, la necesidad de una reforma en aquel momento y la necesidad de que la ense\u00f1anza fuera gratuita.  en la segunda parte hemos estudiado todo lo referente a la ense\u00f1anza primaria:  obligatoriedad, programacion, matodolog\u00eda y regimen escolar, educacion civico social, textos didacticos, un estudio sobre el maestro, y un capitulo dedicado a la inspeccion escolar.  la tercera parte: dedicada a los textos que tratan sobre los estudios de latinidad y sobre la ense\u00f1anza profesional: seminarios, educacion fisica y ense\u00f1anza de idiomas, artes y oficios y un capitulo sobre la \u00abeducacion de la mujer\u00bb.  y la cuarta parte esta dedicada a los estudios universitarios. Situacion, gobiernos de las universidades, metodos, saberes tradicionales, colegios mayores.<\/p>\n<p>&nbsp;<\/p>\n<h3>Datos acad\u00e9micos de la tesis doctoral \u00ab<strong>Ideario pedagogico espa\u00f1ol, a traves de la consulta al pais de 1809.<\/strong>\u00ab<\/h3>\n<ul>\n<li><strong>T\u00edtulo de la tesis:<\/strong>\u00a0 Ideario pedagogico espa\u00f1ol, a traves de la consulta al pais de 1809. <\/li>\n<li><strong>Autor:<\/strong>\u00a0 Modesto Garcia Barrientos <\/li>\n<li><strong>Universidad:<\/strong>\u00a0 Complutense de Madrid<\/li>\n<li><strong>Fecha de lectura de la tesis:<\/strong>\u00a0 01\/01\/1993<\/li>\n<\/ul>\n<p>&nbsp;<\/p>\n<h3>Direcci\u00f3n y tribunal<\/h3>\n<ul>\n<li><strong>Director de la tesis<\/strong>\n<ul>\n<li>Julio Ruiz Berrio<\/li>\n<\/ul>\n<\/li>\n<li><strong>Tribunal<\/strong>\n<ul>\n<li>Presidente del tribunal: Jose Crespo Vasco <\/li>\n<li>Juan Garcia Yague (vocal)<\/li>\n<li>Mar\u00eda  Carmen Labrador Herr\u00e1iz (vocal)<\/li>\n<li>Aida Terron Ba\u00f1uelos (vocal)<\/li>\n<\/ul>\n<\/li>\n<\/ul>\n<p>&nbsp;<\/p>\n","protected":false},"excerpt":{"rendered":"<p>Tesis doctoral de Modesto Garcia Barrientos Estudio de las respuestas a \u00abla consulta al pais de 1.809\u00bb sacadas del archivo [&hellip;]<\/p>\n","protected":false},"author":1,"featured_media":0,"comment_status":"open","ping_status":"open","sticky":false,"template":"","format":"standard","meta":{"site-sidebar-layout":"default","site-content-layout":"","ast-site-content-layout":"","site-content-style":"default","site-sidebar-style":"default","ast-global-header-display":"","ast-banner-title-visibility":"","ast-main-header-display":"","ast-hfb-above-header-display":"","ast-hfb-below-header-display":"","ast-hfb-mobile-header-display":"","site-post-title":"","ast-breadcrumbs-content":"","ast-featured-img":"","footer-sml-layout":"","theme-transparent-header-meta":"","adv-header-id-meta":"","stick-header-meta":"","header-above-stick-meta":"","header-main-stick-meta":"","header-below-stick-meta":"","astra-migrate-meta-layouts":"default","ast-page-background-enabled":"default","ast-page-background-meta":{"desktop":{"background-color":"var(--ast-global-color-4)","background-image":"","background-repeat":"repeat","background-position":"center center","background-size":"auto","background-attachment":"scroll","background-type":"","background-media":"","overlay-type":"","overlay-color":"","overlay-gradient":""},"tablet":{"background-color":"","background-image":"","background-repeat":"repeat","background-position":"center center","background-size":"auto","background-attachment":"scroll","background-type":"","background-media":"","overlay-type":"","overlay-color":"","overlay-gradient":""},"mobile":{"background-color":"","background-image":"","background-repeat":"repeat","background-position":"center center","background-size":"auto","background-attachment":"scroll","background-type":"","background-media":"","overlay-type":"","overlay-color":"","overlay-gradient":""}},"ast-content-background-meta":{"desktop":{"background-color":"var(--ast-global-color-5)","background-image":"","background-repeat":"repeat","background-position":"center center","background-size":"auto","background-attachment":"scroll","background-type":"","background-media":"","overlay-type":"","overlay-color":"","overlay-gradient":""},"tablet":{"background-color":"var(--ast-global-color-5)","background-image":"","background-repeat":"repeat","background-position":"center center","background-size":"auto","background-attachment":"scroll","background-type":"","background-media":"","overlay-type":"","overlay-color":"","overlay-gradient":""},"mobile":{"background-color":"var(--ast-global-color-5)","background-image":"","background-repeat":"repeat","background-position":"center center","background-size":"auto","background-attachment":"scroll","background-type":"","background-media":"","overlay-type":"","overlay-color":"","overlay-gradient":""}},"footnotes":""},"categories":[986,104,311,222,1184,1141],"tags":[39509,5841,5177,9642,7695,257438],"class_list":["post-142730","post","type-post","status-publish","format-standard","hentry","category-complutense-de-madrid","category-historia","category-historia-de-la-educacion","category-historias-especializadas","category-organizacion-y-planificacion-de-la-educacion","category-pedagogia","tag-aida-terron-banuelos","tag-jose-crespo-vasco","tag-juan-garcia-yague","tag-julio-ruiz-berrio","tag-maria-carmen-labrador-herraiz","tag-modesto-garcia-barrientos"],"_links":{"self":[{"href":"https:\/\/www.deberes.net\/tesis\/wp-json\/wp\/v2\/posts\/142730","targetHints":{"allow":["GET"]}}],"collection":[{"href":"https:\/\/www.deberes.net\/tesis\/wp-json\/wp\/v2\/posts"}],"about":[{"href":"https:\/\/www.deberes.net\/tesis\/wp-json\/wp\/v2\/types\/post"}],"author":[{"embeddable":true,"href":"https:\/\/www.deberes.net\/tesis\/wp-json\/wp\/v2\/users\/1"}],"replies":[{"embeddable":true,"href":"https:\/\/www.deberes.net\/tesis\/wp-json\/wp\/v2\/comments?post=142730"}],"version-history":[{"count":0,"href":"https:\/\/www.deberes.net\/tesis\/wp-json\/wp\/v2\/posts\/142730\/revisions"}],"wp:attachment":[{"href":"https:\/\/www.deberes.net\/tesis\/wp-json\/wp\/v2\/media?parent=142730"}],"wp:term":[{"taxonomy":"category","embeddable":true,"href":"https:\/\/www.deberes.net\/tesis\/wp-json\/wp\/v2\/categories?post=142730"},{"taxonomy":"post_tag","embeddable":true,"href":"https:\/\/www.deberes.net\/tesis\/wp-json\/wp\/v2\/tags?post=142730"}],"curies":[{"name":"wp","href":"https:\/\/api.w.org\/{rel}","templated":true}]}}