{"id":142778,"date":"1993-01-01T00:00:00","date_gmt":"1993-01-01T00:00:00","guid":{"rendered":"https:\/\/www.deberes.net\/tesis\/sin-categoria\/el-proceso-de-ajuste-ante-la-crisis-en-la-economia-autogestionaria-yugoslava-1973-1985-consecuencias-socioeconomicas\/"},"modified":"1993-01-01T00:00:00","modified_gmt":"1993-01-01T00:00:00","slug":"el-proceso-de-ajuste-ante-la-crisis-en-la-economia-autogestionaria-yugoslava-1973-1985-consecuencias-socioeconomicas","status":"publish","type":"post","link":"https:\/\/www.deberes.net\/tesis\/ciencias-economicas\/el-proceso-de-ajuste-ante-la-crisis-en-la-economia-autogestionaria-yugoslava-1973-1985-consecuencias-socioeconomicas\/","title":{"rendered":"El proceso de ajuste ante la crisis en la economia autogestionaria yugoslava, 1973-1985: consecuencias socioeconomicas."},"content":{"rendered":"<h2>Tesis doctoral de <strong>  G\u00f3mez Serrano Pedro Jos\u00e9 <\/strong><\/h2>\n<p>Desde el inicio de los a\u00f1os 50 hasta el final de la decada de los 80 la federacion yugoslava desarrollo un sistema de organizacion economica unico en el mundo, inspirado en el principio de la autogestion. La tesis consta de tres partes. La primera esta compuesta por un par de capitulos dedicados a describir los origenes de la autogestion en yugoslavia y a conocer las caracteristicas basicas de su estructura economica en 1973.  la parte central de la investigacion analiza el impacto de la crisis internacional sobre la economia balcanica, las respuestas de las autoridades y las unidades productivas a las perturbaciones externas y las consecuencias que todo el proceso de ajuste para las condiciones de vida de la poblacion.  por ultimo, en un capitulo de resultados, se ofrece un balance global del periodo mostrando las principales potencialidades y limitaciones del modelo autogestionario.<\/p>\n<p>&nbsp;<\/p>\n<h3>Datos acad\u00e9micos de la tesis doctoral \u00ab<strong>El proceso de ajuste ante la crisis en la economia autogestionaria yugoslava, 1973-1985: consecuencias socioeconomicas.<\/strong>\u00ab<\/h3>\n<ul>\n<li><strong>T\u00edtulo de la tesis:<\/strong>\u00a0 El proceso de ajuste ante la crisis en la economia autogestionaria yugoslava, 1973-1985: consecuencias socioeconomicas. <\/li>\n<li><strong>Autor:<\/strong>\u00a0  G\u00f3mez Serrano Pedro Jos\u00e9 <\/li>\n<li><strong>Universidad:<\/strong>\u00a0 Complutense de Madrid<\/li>\n<li><strong>Fecha de lectura de la tesis:<\/strong>\u00a0 01\/01\/1993<\/li>\n<\/ul>\n<p>&nbsp;<\/p>\n<h3>Direcci\u00f3n y tribunal<\/h3>\n<ul>\n<li><strong>Director de la tesis<\/strong>\n<ul>\n<li>Enrique Palazuelos Manso<\/li>\n<\/ul>\n<\/li>\n<li><strong>Tribunal<\/strong>\n<ul>\n<li>Presidente del tribunal: Rafael Martinez Corti\u00f1a <\/li>\n<li>Benjam\u00edn Bastida Vil\u00e1 (vocal)<\/li>\n<li> Vara Miranda M. Jes\u00fas (vocal)<\/li>\n<li>Teresa Virgili Gonet (vocal)<\/li>\n<\/ul>\n<\/li>\n<\/ul>\n<p>&nbsp;<\/p>\n","protected":false},"excerpt":{"rendered":"<p>Tesis doctoral de G\u00f3mez Serrano Pedro Jos\u00e9 Desde el inicio de los a\u00f1os 50 hasta el final de la decada [&hellip;]<\/p>\n","protected":false},"author":1,"featured_media":0,"comment_status":"open","ping_status":"open","sticky":false,"template":"","format":"standard","meta":{"site-sidebar-layout":"default","site-content-layout":"","ast-site-content-layout":"","site-content-style":"default","site-sidebar-style":"default","ast-global-header-display":"","ast-banner-title-visibility":"","ast-main-header-display":"","ast-hfb-above-header-display":"","ast-hfb-below-header-display":"","ast-hfb-mobile-header-display":"","site-post-title":"","ast-breadcrumbs-content":"","ast-featured-img":"","footer-sml-layout":"","theme-transparent-header-meta":"","adv-header-id-meta":"","stick-header-meta":"","header-above-stick-meta":"","header-main-stick-meta":"","header-below-stick-meta":"","astra-migrate-meta-layouts":"default","ast-page-background-enabled":"default","ast-page-background-meta":{"desktop":{"background-color":"var(--ast-global-color-4)","background-image":"","background-repeat":"repeat","background-position":"center center","background-size":"auto","background-attachment":"scroll","background-type":"","background-media":"","overlay-type":"","overlay-color":"","overlay-gradient":""},"tablet":{"background-color":"","background-image":"","background-repeat":"repeat","background-position":"center center","background-size":"auto","background-attachment":"scroll","background-type":"","background-media":"","overlay-type":"","overlay-color":"","overlay-gradient":""},"mobile":{"background-color":"","background-image":"","background-repeat":"repeat","background-position":"center center","background-size":"auto","background-attachment":"scroll","background-type":"","background-media":"","overlay-type":"","overlay-color":"","overlay-gradient":""}},"ast-content-background-meta":{"desktop":{"background-color":"var(--ast-global-color-5)","background-image":"","background-repeat":"repeat","background-position":"center center","background-size":"auto","background-attachment":"scroll","background-type":"","background-media":"","overlay-type":"","overlay-color":"","overlay-gradient":""},"tablet":{"background-color":"var(--ast-global-color-5)","background-image":"","background-repeat":"repeat","background-position":"center center","background-size":"auto","background-attachment":"scroll","background-type":"","background-media":"","overlay-type":"","overlay-color":"","overlay-gradient":""},"mobile":{"background-color":"var(--ast-global-color-5)","background-image":"","background-repeat":"repeat","background-position":"center center","background-size":"auto","background-attachment":"scroll","background-type":"","background-media":"","overlay-type":"","overlay-color":"","overlay-gradient":""}},"footnotes":""},"categories":[82,986,83,910,4388,22824],"tags":[20428,5406,47113,832,257489,245205],"class_list":["post-142778","post","type-post","status-publish","format-standard","hentry","category-ciencias-economicas","category-complutense-de-madrid","category-economia-del-area-europea","category-economia-internacional","category-sistemas-economicos","category-sistemas-economicos-socialistas","tag-benjamin-bastida-vila","tag-enrique-palazuelos-manso","tag-gomez-serrano-pedro-jose","tag-rafael-Martinez-cortina","tag-teresa-virgili-gonet","tag-vara-miranda-m-jesus"],"_links":{"self":[{"href":"https:\/\/www.deberes.net\/tesis\/wp-json\/wp\/v2\/posts\/142778","targetHints":{"allow":["GET"]}}],"collection":[{"href":"https:\/\/www.deberes.net\/tesis\/wp-json\/wp\/v2\/posts"}],"about":[{"href":"https:\/\/www.deberes.net\/tesis\/wp-json\/wp\/v2\/types\/post"}],"author":[{"embeddable":true,"href":"https:\/\/www.deberes.net\/tesis\/wp-json\/wp\/v2\/users\/1"}],"replies":[{"embeddable":true,"href":"https:\/\/www.deberes.net\/tesis\/wp-json\/wp\/v2\/comments?post=142778"}],"version-history":[{"count":0,"href":"https:\/\/www.deberes.net\/tesis\/wp-json\/wp\/v2\/posts\/142778\/revisions"}],"wp:attachment":[{"href":"https:\/\/www.deberes.net\/tesis\/wp-json\/wp\/v2\/media?parent=142778"}],"wp:term":[{"taxonomy":"category","embeddable":true,"href":"https:\/\/www.deberes.net\/tesis\/wp-json\/wp\/v2\/categories?post=142778"},{"taxonomy":"post_tag","embeddable":true,"href":"https:\/\/www.deberes.net\/tesis\/wp-json\/wp\/v2\/tags?post=142778"}],"curies":[{"name":"wp","href":"https:\/\/api.w.org\/{rel}","templated":true}]}}