{"id":142985,"date":"1993-01-01T00:00:00","date_gmt":"1993-01-01T00:00:00","guid":{"rendered":"https:\/\/www.deberes.net\/tesis\/sin-categoria\/madrid-en-la-edad-media-analisis-de-una-comunidad-urbana-y-su-entorno-rural-en-sus-relaciones-con-el-hecho-religioso\/"},"modified":"1993-01-01T00:00:00","modified_gmt":"1993-01-01T00:00:00","slug":"madrid-en-la-edad-media-analisis-de-una-comunidad-urbana-y-su-entorno-rural-en-sus-relaciones-con-el-hecho-religioso","status":"publish","type":"post","link":"https:\/\/www.deberes.net\/tesis\/historia\/madrid-en-la-edad-media-analisis-de-una-comunidad-urbana-y-su-entorno-rural-en-sus-relaciones-con-el-hecho-religioso\/","title":{"rendered":"Madrid en la edad media. analisis de una comunidad urbana y su entorno rural en sus relaciones con el hecho religioso"},"content":{"rendered":"<h2>Tesis doctoral de <strong> \u00e1ngela Mu\u00f1oz Fern\u00e1ndez <\/strong><\/h2>\n<p>Tomando como marco de referencia la villa de Madrid y su tierra durante los siglos xii al xvi, esta tesis doctoral se ha centrado en el analisis de los procesos de construccion social del espacio sagrado, siguiendo las diferentes formas institucionales que este adopta, asi como las funcionalidades sociales que acumulan cada una de estas formas institucionales de lo sagrado. Para ello se ha estructurado la obra en dos partes, la primera tiene como objetivo estudiar el paisaje institucional y devocional de los nucleos rurales sometidos a la jurisdiccion de la villa.  la segunda efectua un recorrido paralelo por los distintos modelos institucionales, parroquias, hospitales, conventos y ermitas, tratando de captar la fisonomia y funcionalidades que cada uno de ellos tuvo en este marco urbano. De esta forma, se ha podido contrastar la influencia que ejerce la estructura del poblamiento y la configuracion social de las distintas comunidades estudiadas en la articulacion de la red de instituciones religiosas.<\/p>\n<p>&nbsp;<\/p>\n<h3>Datos acad\u00e9micos de la tesis doctoral \u00ab<strong>Madrid en la edad media. analisis de una comunidad urbana y su entorno rural en sus relaciones con el hecho religioso<\/strong>\u00ab<\/h3>\n<ul>\n<li><strong>T\u00edtulo de la tesis:<\/strong>\u00a0 Madrid en la edad media. analisis de una comunidad urbana y su entorno rural en sus relaciones con el hecho religioso <\/li>\n<li><strong>Autor:<\/strong>\u00a0 \u00e1ngela Mu\u00f1oz Fern\u00e1ndez <\/li>\n<li><strong>Universidad:<\/strong>\u00a0 Complutense de Madrid<\/li>\n<li><strong>Fecha de lectura de la tesis:<\/strong>\u00a0 01\/01\/1993<\/li>\n<\/ul>\n<p>&nbsp;<\/p>\n<h3>Direcci\u00f3n y tribunal<\/h3>\n<ul>\n<li><strong>Director de la tesis<\/strong>\n<ul>\n<li>Cristina Segura Grai\u00f1o<\/li>\n<\/ul>\n<\/li>\n<li><strong>Tribunal<\/strong>\n<ul>\n<li>Presidente del tribunal: Miguel \u00e1ngel Ladero Quesada <\/li>\n<li>Jos\u00e9 Rodriguez Molina (vocal)<\/li>\n<li>Jos\u00e9 Sanchez Herrero (vocal)<\/li>\n<li>Milagros Rivera Carretas (vocal)<\/li>\n<\/ul>\n<\/li>\n<\/ul>\n<p>&nbsp;<\/p>\n","protected":false},"excerpt":{"rendered":"<p>Tesis doctoral de \u00e1ngela Mu\u00f1oz Fern\u00e1ndez Tomando como marco de referencia la villa de Madrid y su tierra durante los [&hellip;]<\/p>\n","protected":false},"author":1,"featured_media":0,"comment_status":"open","ping_status":"open","sticky":false,"template":"","format":"standard","meta":{"site-sidebar-layout":"default","site-content-layout":"","ast-site-content-layout":"","site-content-style":"default","site-sidebar-style":"default","ast-global-header-display":"","ast-banner-title-visibility":"","ast-main-header-display":"","ast-hfb-above-header-display":"","ast-hfb-below-header-display":"","ast-hfb-mobile-header-display":"","site-post-title":"","ast-breadcrumbs-content":"","ast-featured-img":"","footer-sml-layout":"","theme-transparent-header-meta":"","adv-header-id-meta":"","stick-header-meta":"","header-above-stick-meta":"","header-main-stick-meta":"","header-below-stick-meta":"","astra-migrate-meta-layouts":"default","ast-page-background-enabled":"default","ast-page-background-meta":{"desktop":{"background-color":"var(--ast-global-color-4)","background-image":"","background-repeat":"repeat","background-position":"center center","background-size":"auto","background-attachment":"scroll","background-type":"","background-media":"","overlay-type":"","overlay-color":"","overlay-gradient":""},"tablet":{"background-color":"","background-image":"","background-repeat":"repeat","background-position":"center center","background-size":"auto","background-attachment":"scroll","background-type":"","background-media":"","overlay-type":"","overlay-color":"","overlay-gradient":""},"mobile":{"background-color":"","background-image":"","background-repeat":"repeat","background-position":"center center","background-size":"auto","background-attachment":"scroll","background-type":"","background-media":"","overlay-type":"","overlay-color":"","overlay-gradient":""}},"ast-content-background-meta":{"desktop":{"background-color":"var(--ast-global-color-5)","background-image":"","background-repeat":"repeat","background-position":"center center","background-size":"auto","background-attachment":"scroll","background-type":"","background-media":"","overlay-type":"","overlay-color":"","overlay-gradient":""},"tablet":{"background-color":"var(--ast-global-color-5)","background-image":"","background-repeat":"repeat","background-position":"center center","background-size":"auto","background-attachment":"scroll","background-type":"","background-media":"","overlay-type":"","overlay-color":"","overlay-gradient":""},"mobile":{"background-color":"var(--ast-global-color-5)","background-image":"","background-repeat":"repeat","background-position":"center center","background-size":"auto","background-attachment":"scroll","background-type":"","background-media":"","overlay-type":"","overlay-color":"","overlay-gradient":""}},"footnotes":""},"categories":[986,104,119,220],"tags":[121329,7495,25138,10290,5296,186222],"class_list":["post-142985","post","type-post","status-publish","format-standard","hentry","category-complutense-de-madrid","category-historia","category-historia-medieval","category-historia-por-epocas","tag-angela-munoz-fernandez","tag-cristina-segura-graino","tag-jose-rodriguez-molina","tag-jose-sanchez-herrero","tag-miguel-angel-ladero-quesada","tag-milagros-rivera-carretas"],"_links":{"self":[{"href":"https:\/\/www.deberes.net\/tesis\/wp-json\/wp\/v2\/posts\/142985","targetHints":{"allow":["GET"]}}],"collection":[{"href":"https:\/\/www.deberes.net\/tesis\/wp-json\/wp\/v2\/posts"}],"about":[{"href":"https:\/\/www.deberes.net\/tesis\/wp-json\/wp\/v2\/types\/post"}],"author":[{"embeddable":true,"href":"https:\/\/www.deberes.net\/tesis\/wp-json\/wp\/v2\/users\/1"}],"replies":[{"embeddable":true,"href":"https:\/\/www.deberes.net\/tesis\/wp-json\/wp\/v2\/comments?post=142985"}],"version-history":[{"count":0,"href":"https:\/\/www.deberes.net\/tesis\/wp-json\/wp\/v2\/posts\/142985\/revisions"}],"wp:attachment":[{"href":"https:\/\/www.deberes.net\/tesis\/wp-json\/wp\/v2\/media?parent=142985"}],"wp:term":[{"taxonomy":"category","embeddable":true,"href":"https:\/\/www.deberes.net\/tesis\/wp-json\/wp\/v2\/categories?post=142985"},{"taxonomy":"post_tag","embeddable":true,"href":"https:\/\/www.deberes.net\/tesis\/wp-json\/wp\/v2\/tags?post=142985"}],"curies":[{"name":"wp","href":"https:\/\/api.w.org\/{rel}","templated":true}]}}