{"id":14303,"date":"2001-05-12T00:00:00","date_gmt":"2001-05-12T00:00:00","guid":{"rendered":"https:\/\/www.deberes.net\/tesis\/sin-categoria\/enfermedad-mental-y-repercusion-juridica-civil\/"},"modified":"2001-05-12T00:00:00","modified_gmt":"2001-05-12T00:00:00","slug":"enfermedad-mental-y-repercusion-juridica-civil","status":"publish","type":"post","link":"https:\/\/www.deberes.net\/tesis\/ciencias-medicas\/enfermedad-mental-y-repercusion-juridica-civil\/","title":{"rendered":"Enfermedad mental y repercusi\u00f3n juridica civil"},"content":{"rendered":"<h2>Tesis doctoral de <strong> Purificaci\u00f3n Beltr\u00e1n Aleu <\/strong><\/h2>\n<p>Se ha llevado a cabo un estudio sobre como la enfermedad mental incide en los derechos civiles de las personas, con proyeccion espec\u00edfica sobre el internamiento involuntario como causa de p\u00e9rdida de libertad. El material utilizado corresponde al conjunto de expedientes incoados en el juzgado especializado durante le a\u00f1o 2000. El n\u00famero total de expedientes analizados han sido de 999 y los datos se han distribuido en cuatro grupos de variables: sociodemogr\u00e1ficas, asistenciales, jur\u00eddicas y m\u00e9dicas.  asistencialmente se constata el problema social geri\u00e1trico actual y la falta de centros espec\u00edficos de menores y de media y larga estancia, debi\u00e9ndose potenciar la actuaci\u00f3n social al respecto. Las variables jur\u00eddicas estudiadas nos indican que las motivaciones legales del internamiento, son diferentes seg\u00fan el tipo del mismo.  ello se manifesta tambi\u00e9n a nivel m\u00e9dico, de manera que la enfermedad mental tiene patrones preestablecidos, aunque muy variados en su forma de presentacion. Sociodemogr\u00e1ficamente existen diferencias de sexo, edad y patr\u00f3n estacional entre los tipos de ingreso.  se establece un protocolo de informe m\u00e9dico forense para aplicar en todos los casos de solicitud de internamiento involuntario, independientemente del tipo de juzgado que lleve a cabo la actuaci\u00f3n.<\/p>\n<p>&nbsp;<\/p>\n<h3>Datos acad\u00e9micos de la tesis doctoral \u00ab<strong>Enfermedad mental y repercusi\u00f3n juridica civil<\/strong>\u00ab<\/h3>\n<ul>\n<li><strong>T\u00edtulo de la tesis:<\/strong>\u00a0 Enfermedad mental y repercusi\u00f3n juridica civil <\/li>\n<li><strong>Autor:<\/strong>\u00a0 Purificaci\u00f3n Beltr\u00e1n Aleu <\/li>\n<li><strong>Universidad:<\/strong>\u00a0 Universitat de val\u00e9ncia (estudi general)<\/li>\n<li><strong>Fecha de lectura de la tesis:<\/strong>\u00a0 05\/12\/2001<\/li>\n<\/ul>\n<p>&nbsp;<\/p>\n<h3>Direcci\u00f3n y tribunal<\/h3>\n<ul>\n<li><strong>Director de la tesis<\/strong>\n<ul>\n<li>Marina Gisbert Grifo<\/li>\n<\/ul>\n<\/li>\n<li><strong>Tribunal<\/strong>\n<ul>\n<li>Presidente del tribunal: Mar\u00eda Castellano arroyo <\/li>\n<li>Jos\u00e9 delf\u00edn Villala\u00edn blanco (vocal)<\/li>\n<li>carmen Leal cerc\u00f3s (vocal)<\/li>\n<li>julio Robes garcia (vocal)<\/li>\n<\/ul>\n<\/li>\n<\/ul>\n<p>&nbsp;<\/p>\n","protected":false},"excerpt":{"rendered":"<p>Tesis doctoral de Purificaci\u00f3n Beltr\u00e1n Aleu Se ha llevado a cabo un estudio sobre como la enfermedad mental incide en [&hellip;]<\/p>\n","protected":false},"author":1,"featured_media":0,"comment_status":"open","ping_status":"open","sticky":false,"template":"","format":"standard","meta":{"site-sidebar-layout":"default","site-content-layout":"","ast-site-content-layout":"","site-content-style":"default","site-sidebar-style":"default","ast-global-header-display":"","ast-banner-title-visibility":"","ast-main-header-display":"","ast-hfb-above-header-display":"","ast-hfb-below-header-display":"","ast-hfb-mobile-header-display":"","site-post-title":"","ast-breadcrumbs-content":"","ast-featured-img":"","footer-sml-layout":"","theme-transparent-header-meta":"","adv-header-id-meta":"","stick-header-meta":"","header-above-stick-meta":"","header-main-stick-meta":"","header-below-stick-meta":"","astra-migrate-meta-layouts":"default","ast-page-background-enabled":"default","ast-page-background-meta":{"desktop":{"background-color":"var(--ast-global-color-4)","background-image":"","background-repeat":"repeat","background-position":"center center","background-size":"auto","background-attachment":"scroll","background-type":"","background-media":"","overlay-type":"","overlay-color":"","overlay-gradient":""},"tablet":{"background-color":"","background-image":"","background-repeat":"repeat","background-position":"center center","background-size":"auto","background-attachment":"scroll","background-type":"","background-media":"","overlay-type":"","overlay-color":"","overlay-gradient":""},"mobile":{"background-color":"","background-image":"","background-repeat":"repeat","background-position":"center center","background-size":"auto","background-attachment":"scroll","background-type":"","background-media":"","overlay-type":"","overlay-color":"","overlay-gradient":""}},"ast-content-background-meta":{"desktop":{"background-color":"var(--ast-global-color-5)","background-image":"","background-repeat":"repeat","background-position":"center center","background-size":"auto","background-attachment":"scroll","background-type":"","background-media":"","overlay-type":"","overlay-color":"","overlay-gradient":""},"tablet":{"background-color":"var(--ast-global-color-5)","background-image":"","background-repeat":"repeat","background-position":"center center","background-size":"auto","background-attachment":"scroll","background-type":"","background-media":"","overlay-type":"","overlay-color":"","overlay-gradient":""},"mobile":{"background-color":"var(--ast-global-color-5)","background-image":"","background-repeat":"repeat","background-position":"center center","background-size":"auto","background-attachment":"scroll","background-type":"","background-media":"","overlay-type":"","overlay-color":"","overlay-gradient":""}},"footnotes":""},"categories":[155,9,968,487,1408],"tags":[6501,5868,46095,4212,11389,46094],"class_list":["post-14303","post","type-post","status-publish","format-standard","hentry","category-ciencias-clinicas","category-ciencias-medicas","category-medicina-forense","category-psicologia-clinica","category-psiquiatria","tag-carmen-leal-cercos","tag-jose-delfin-villalain-blanco","tag-julio-robes-garcia","tag-maria-castellano-arroyo","tag-marina-gisbert-grifo","tag-purificacion-beltran-aleu"],"_links":{"self":[{"href":"https:\/\/www.deberes.net\/tesis\/wp-json\/wp\/v2\/posts\/14303","targetHints":{"allow":["GET"]}}],"collection":[{"href":"https:\/\/www.deberes.net\/tesis\/wp-json\/wp\/v2\/posts"}],"about":[{"href":"https:\/\/www.deberes.net\/tesis\/wp-json\/wp\/v2\/types\/post"}],"author":[{"embeddable":true,"href":"https:\/\/www.deberes.net\/tesis\/wp-json\/wp\/v2\/users\/1"}],"replies":[{"embeddable":true,"href":"https:\/\/www.deberes.net\/tesis\/wp-json\/wp\/v2\/comments?post=14303"}],"version-history":[{"count":0,"href":"https:\/\/www.deberes.net\/tesis\/wp-json\/wp\/v2\/posts\/14303\/revisions"}],"wp:attachment":[{"href":"https:\/\/www.deberes.net\/tesis\/wp-json\/wp\/v2\/media?parent=14303"}],"wp:term":[{"taxonomy":"category","embeddable":true,"href":"https:\/\/www.deberes.net\/tesis\/wp-json\/wp\/v2\/categories?post=14303"},{"taxonomy":"post_tag","embeddable":true,"href":"https:\/\/www.deberes.net\/tesis\/wp-json\/wp\/v2\/tags?post=14303"}],"curies":[{"name":"wp","href":"https:\/\/api.w.org\/{rel}","templated":true}]}}