{"id":143032,"date":"1993-01-01T00:00:00","date_gmt":"1993-01-01T00:00:00","guid":{"rendered":"https:\/\/www.deberes.net\/tesis\/sin-categoria\/aportacion-de-la-polisomnografia-al-diagnostico-y-al-tratamiento-del-sindrome-de-apnea-obstructiva-del-sueno-saos\/"},"modified":"1993-01-01T00:00:00","modified_gmt":"1993-01-01T00:00:00","slug":"aportacion-de-la-polisomnografia-al-diagnostico-y-al-tratamiento-del-sindrome-de-apnea-obstructiva-del-sueno-saos","status":"publish","type":"post","link":"https:\/\/www.deberes.net\/tesis\/ciencias-medicas\/aportacion-de-la-polisomnografia-al-diagnostico-y-al-tratamiento-del-sindrome-de-apnea-obstructiva-del-sueno-saos\/","title":{"rendered":"Aportacion de la polisomnografia al diagnostico y al tratamiento del sindrome de apnea obstructiva del sue\u00f1o (saos)."},"content":{"rendered":"<h2>Tesis doctoral de <strong>  Peraita Adrados M. Rosa <\/strong><\/h2>\n<p>El sindrome de apnea obstructiva del sue\u00f1o (saos) es de gran preValencia (1%) en varones en edades medias de la vida y se asocia con anomalias de la via aerea superior y con trastornos del sue\u00f1o. El diagnostico, una vez evaluado el paciente clinicamente, se efectua en el laboratorio de sue\u00f1o, mediante tecnica polisomnografica.  el objetivo del tratamiento es asegurar una ventilacion normal durante el sue\u00f1o y unos gases adecuados. Esto se consigue utilizando una presion continua de aire a traves de mascarilla nasal (cpap).  en este trabajo hemos tratado de esta manera a 40 pacientes graves con muy buenos resultados. Cuando las anomalias estructurales por defectos anatomicos son evidentes (21 enfermos en nuestro trabajo) se ha utilizado la cirugia: de la nariz (18 casos) y de la faringe (7 casos). El saos ha mejorado en 66.6% de los casos tratados con septoplastia y en 71% de los casos operados de uvulopaletofaringeplastia. Es necesario un equipo medico hospitalario multidisciplinario para la evaluacion diagnostica y terapeutica de esta patolog\u00eda.<\/p>\n<p>&nbsp;<\/p>\n<h3>Datos acad\u00e9micos de la tesis doctoral \u00ab<strong>Aportacion de la polisomnografia al diagnostico y al tratamiento del sindrome de apnea obstructiva del sue\u00f1o (saos).<\/strong>\u00ab<\/h3>\n<ul>\n<li><strong>T\u00edtulo de la tesis:<\/strong>\u00a0 Aportacion de la polisomnografia al diagnostico y al tratamiento del sindrome de apnea obstructiva del sue\u00f1o (saos). <\/li>\n<li><strong>Autor:<\/strong>\u00a0  Peraita Adrados M. Rosa <\/li>\n<li><strong>Universidad:<\/strong>\u00a0 Complutense de Madrid<\/li>\n<li><strong>Fecha de lectura de la tesis:<\/strong>\u00a0 01\/01\/1993<\/li>\n<\/ul>\n<p>&nbsp;<\/p>\n<h3>Direcci\u00f3n y tribunal<\/h3>\n<ul>\n<li><strong>Director de la tesis<\/strong>\n<ul>\n<li> Alcala Santaella Nu\u00f1ez Rafael<\/li>\n<\/ul>\n<\/li>\n<li><strong>Tribunal<\/strong>\n<ul>\n<li>Presidente del tribunal: Domingo Espinos Perez <\/li>\n<li>Antonio Vela Bueno (vocal)<\/li>\n<li>Alberto Gimeno Alava (vocal)<\/li>\n<li> Monturiol Rodriguez Jos\u00e9 Mar\u00eda (vocal)<\/li>\n<\/ul>\n<\/li>\n<\/ul>\n<p>&nbsp;<\/p>\n","protected":false},"excerpt":{"rendered":"<p>Tesis doctoral de Peraita Adrados M. Rosa El sindrome de apnea obstructiva del sue\u00f1o (saos) es de gran preValencia (1%) [&hellip;]<\/p>\n","protected":false},"author":1,"featured_media":0,"comment_status":"open","ping_status":"open","sticky":false,"template":"","format":"standard","meta":{"site-sidebar-layout":"default","site-content-layout":"","ast-site-content-layout":"","site-content-style":"default","site-sidebar-style":"default","ast-global-header-display":"","ast-banner-title-visibility":"","ast-main-header-display":"","ast-hfb-above-header-display":"","ast-hfb-below-header-display":"","ast-hfb-mobile-header-display":"","site-post-title":"","ast-breadcrumbs-content":"","ast-featured-img":"","footer-sml-layout":"","theme-transparent-header-meta":"","adv-header-id-meta":"","stick-header-meta":"","header-above-stick-meta":"","header-main-stick-meta":"","header-below-stick-meta":"","astra-migrate-meta-layouts":"default","ast-page-background-enabled":"default","ast-page-background-meta":{"desktop":{"background-color":"var(--ast-global-color-4)","background-image":"","background-repeat":"repeat","background-position":"center center","background-size":"auto","background-attachment":"scroll","background-type":"","background-media":"","overlay-type":"","overlay-color":"","overlay-gradient":""},"tablet":{"background-color":"","background-image":"","background-repeat":"repeat","background-position":"center center","background-size":"auto","background-attachment":"scroll","background-type":"","background-media":"","overlay-type":"","overlay-color":"","overlay-gradient":""},"mobile":{"background-color":"","background-image":"","background-repeat":"repeat","background-position":"center center","background-size":"auto","background-attachment":"scroll","background-type":"","background-media":"","overlay-type":"","overlay-color":"","overlay-gradient":""}},"ast-content-background-meta":{"desktop":{"background-color":"var(--ast-global-color-5)","background-image":"","background-repeat":"repeat","background-position":"center center","background-size":"auto","background-attachment":"scroll","background-type":"","background-media":"","overlay-type":"","overlay-color":"","overlay-gradient":""},"tablet":{"background-color":"var(--ast-global-color-5)","background-image":"","background-repeat":"repeat","background-position":"center center","background-size":"auto","background-attachment":"scroll","background-type":"","background-media":"","overlay-type":"","overlay-color":"","overlay-gradient":""},"mobile":{"background-color":"var(--ast-global-color-5)","background-image":"","background-repeat":"repeat","background-position":"center center","background-size":"auto","background-attachment":"scroll","background-type":"","background-media":"","overlay-type":"","overlay-color":"","overlay-gradient":""}},"footnotes":""},"categories":[9,986,139,1880],"tags":[17738,22922,4862,897,253647,257771],"class_list":["post-143032","post","type-post","status-publish","format-standard","hentry","category-ciencias-medicas","category-complutense-de-madrid","category-medicina-interna","category-neurologia","tag-alberto-gimeno-alava","tag-alcala-santaella-nunez-rafael","tag-antonio-vela-bueno","tag-domingo-espinos-perez","tag-monturiol-rodriguez-jose-maria","tag-peraita-adrados-m-rosa"],"_links":{"self":[{"href":"https:\/\/www.deberes.net\/tesis\/wp-json\/wp\/v2\/posts\/143032","targetHints":{"allow":["GET"]}}],"collection":[{"href":"https:\/\/www.deberes.net\/tesis\/wp-json\/wp\/v2\/posts"}],"about":[{"href":"https:\/\/www.deberes.net\/tesis\/wp-json\/wp\/v2\/types\/post"}],"author":[{"embeddable":true,"href":"https:\/\/www.deberes.net\/tesis\/wp-json\/wp\/v2\/users\/1"}],"replies":[{"embeddable":true,"href":"https:\/\/www.deberes.net\/tesis\/wp-json\/wp\/v2\/comments?post=143032"}],"version-history":[{"count":0,"href":"https:\/\/www.deberes.net\/tesis\/wp-json\/wp\/v2\/posts\/143032\/revisions"}],"wp:attachment":[{"href":"https:\/\/www.deberes.net\/tesis\/wp-json\/wp\/v2\/media?parent=143032"}],"wp:term":[{"taxonomy":"category","embeddable":true,"href":"https:\/\/www.deberes.net\/tesis\/wp-json\/wp\/v2\/categories?post=143032"},{"taxonomy":"post_tag","embeddable":true,"href":"https:\/\/www.deberes.net\/tesis\/wp-json\/wp\/v2\/tags?post=143032"}],"curies":[{"name":"wp","href":"https:\/\/api.w.org\/{rel}","templated":true}]}}