{"id":143137,"date":"1993-01-01T00:00:00","date_gmt":"1993-01-01T00:00:00","guid":{"rendered":"https:\/\/www.deberes.net\/tesis\/sin-categoria\/la-represion-en-toledo-1936-1950\/"},"modified":"1993-01-01T00:00:00","modified_gmt":"1993-01-01T00:00:00","slug":"la-represion-en-toledo-1936-1950","status":"publish","type":"post","link":"https:\/\/www.deberes.net\/tesis\/historia\/la-represion-en-toledo-1936-1950\/","title":{"rendered":"La represion en toledo: 1936-1950."},"content":{"rendered":"<h2>Tesis doctoral de <strong>  Sabin Rodriguez Jos\u00e9 Manuel <\/strong><\/h2>\n<p>Con la sublevacion del dia 18 de julio de 1936 comienza una nueva epoca en espa\u00f1a, la dictadura franquista, que para llegar a consolidar el \u00abnuevo estado\u00bb provocara una guerra civil. Con la victoria por las armas comienza una represion sistematica de toda discrepancia que es solventada con el paredon o con la carcel.        El analisis de la provincia de toledo en este periodo parte de la legalidad republicana (partidos politicos, sindicatos), la represeion que se lleva a cabo, que es explosiva, defensiva, mientras que la dictadura franquista lleva a cabo una represeion estatal, sistematica a traves de los juicios sumarisimos y de la \u00abcausa general\u00bb. En definitiva se llega a la conclusion de que es una revolucion popular y una lucha de clases.<\/p>\n<p>&nbsp;<\/p>\n<h3>Datos acad\u00e9micos de la tesis doctoral \u00ab<strong>La represion en toledo: 1936-1950.<\/strong>\u00ab<\/h3>\n<ul>\n<li><strong>T\u00edtulo de la tesis:<\/strong>\u00a0 La represion en toledo: 1936-1950. <\/li>\n<li><strong>Autor:<\/strong>\u00a0  Sabin Rodriguez Jos\u00e9 Manuel <\/li>\n<li><strong>Universidad:<\/strong>\u00a0 Complutense de Madrid<\/li>\n<li><strong>Fecha de lectura de la tesis:<\/strong>\u00a0 01\/01\/1993<\/li>\n<\/ul>\n<p>&nbsp;<\/p>\n<h3>Direcci\u00f3n y tribunal<\/h3>\n<ul>\n<li><strong>Director de la tesis<\/strong>\n<ul>\n<li> Garcia Nieto Paris M. Carmen<\/li>\n<\/ul>\n<\/li>\n<li><strong>Tribunal<\/strong>\n<ul>\n<li>Presidente del tribunal: Julio Arostegui Sanchez <\/li>\n<li>Josep Mar\u00eda Sol\u00e9  Sabat\u00e9 (vocal)<\/li>\n<li> Nicolas Marin M. Encarna (vocal)<\/li>\n<li>Isidoro Sanchez Sanchez (vocal)<\/li>\n<\/ul>\n<\/li>\n<\/ul>\n<p>&nbsp;<\/p>\n","protected":false},"excerpt":{"rendered":"<p>Tesis doctoral de Sabin Rodriguez Jos\u00e9 Manuel Con la sublevacion del dia 18 de julio de 1936 comienza una nueva [&hellip;]<\/p>\n","protected":false},"author":1,"featured_media":0,"comment_status":"open","ping_status":"open","sticky":false,"template":"","format":"standard","meta":{"site-sidebar-layout":"default","site-content-layout":"","ast-site-content-layout":"","site-content-style":"default","site-sidebar-style":"default","ast-global-header-display":"","ast-banner-title-visibility":"","ast-main-header-display":"","ast-hfb-above-header-display":"","ast-hfb-below-header-display":"","ast-hfb-mobile-header-display":"","site-post-title":"","ast-breadcrumbs-content":"","ast-featured-img":"","footer-sml-layout":"","theme-transparent-header-meta":"","adv-header-id-meta":"","stick-header-meta":"","header-above-stick-meta":"","header-main-stick-meta":"","header-below-stick-meta":"","astra-migrate-meta-layouts":"default","ast-page-background-enabled":"default","ast-page-background-meta":{"desktop":{"background-color":"var(--ast-global-color-4)","background-image":"","background-repeat":"repeat","background-position":"center center","background-size":"auto","background-attachment":"scroll","background-type":"","background-media":"","overlay-type":"","overlay-color":"","overlay-gradient":""},"tablet":{"background-color":"","background-image":"","background-repeat":"repeat","background-position":"center center","background-size":"auto","background-attachment":"scroll","background-type":"","background-media":"","overlay-type":"","overlay-color":"","overlay-gradient":""},"mobile":{"background-color":"","background-image":"","background-repeat":"repeat","background-position":"center center","background-size":"auto","background-attachment":"scroll","background-type":"","background-media":"","overlay-type":"","overlay-color":"","overlay-gradient":""}},"ast-content-background-meta":{"desktop":{"background-color":"var(--ast-global-color-5)","background-image":"","background-repeat":"repeat","background-position":"center center","background-size":"auto","background-attachment":"scroll","background-type":"","background-media":"","overlay-type":"","overlay-color":"","overlay-gradient":""},"tablet":{"background-color":"var(--ast-global-color-5)","background-image":"","background-repeat":"repeat","background-position":"center center","background-size":"auto","background-attachment":"scroll","background-type":"","background-media":"","overlay-type":"","overlay-color":"","overlay-gradient":""},"mobile":{"background-color":"var(--ast-global-color-5)","background-image":"","background-repeat":"repeat","background-position":"center center","background-size":"auto","background-attachment":"scroll","background-type":"","background-media":"","overlay-type":"","overlay-color":"","overlay-gradient":""}},"footnotes":""},"categories":[986,104,353,220],"tags":[6389,257875,42162,4198,8624,257874],"class_list":["post-143137","post","type-post","status-publish","format-standard","hentry","category-complutense-de-madrid","category-historia","category-historia-contemporanea-del-area-europea","category-historia-por-epocas","tag-garcia-nieto-paris-m-carmen","tag-isidoro-sanchez-sanchez","tag-josep-maria-sole-sabate","tag-julio-arostegui-sanchez","tag-nicolas-marin-m-encarna","tag-sabin-rodriguez-jose-manuel"],"_links":{"self":[{"href":"https:\/\/www.deberes.net\/tesis\/wp-json\/wp\/v2\/posts\/143137","targetHints":{"allow":["GET"]}}],"collection":[{"href":"https:\/\/www.deberes.net\/tesis\/wp-json\/wp\/v2\/posts"}],"about":[{"href":"https:\/\/www.deberes.net\/tesis\/wp-json\/wp\/v2\/types\/post"}],"author":[{"embeddable":true,"href":"https:\/\/www.deberes.net\/tesis\/wp-json\/wp\/v2\/users\/1"}],"replies":[{"embeddable":true,"href":"https:\/\/www.deberes.net\/tesis\/wp-json\/wp\/v2\/comments?post=143137"}],"version-history":[{"count":0,"href":"https:\/\/www.deberes.net\/tesis\/wp-json\/wp\/v2\/posts\/143137\/revisions"}],"wp:attachment":[{"href":"https:\/\/www.deberes.net\/tesis\/wp-json\/wp\/v2\/media?parent=143137"}],"wp:term":[{"taxonomy":"category","embeddable":true,"href":"https:\/\/www.deberes.net\/tesis\/wp-json\/wp\/v2\/categories?post=143137"},{"taxonomy":"post_tag","embeddable":true,"href":"https:\/\/www.deberes.net\/tesis\/wp-json\/wp\/v2\/tags?post=143137"}],"curies":[{"name":"wp","href":"https:\/\/api.w.org\/{rel}","templated":true}]}}