{"id":143151,"date":"1993-01-01T00:00:00","date_gmt":"1993-01-01T00:00:00","guid":{"rendered":"https:\/\/www.deberes.net\/tesis\/sin-categoria\/el-sindrome-del-internamiento-condicionante-del-rendimiento-escolar\/"},"modified":"1993-01-01T00:00:00","modified_gmt":"1993-01-01T00:00:00","slug":"el-sindrome-del-internamiento-condicionante-del-rendimiento-escolar","status":"publish","type":"post","link":"https:\/\/www.deberes.net\/tesis\/psicologia\/el-sindrome-del-internamiento-condicionante-del-rendimiento-escolar\/","title":{"rendered":"\u00abel sindrome del internamiento condicionante del rendimiento escolar\u00bb"},"content":{"rendered":"<h2>Tesis doctoral de <strong>  Sanchez Escobar Jes\u00fas Andres <\/strong><\/h2>\n<p>Los innumerables valores que tiene la estructura familiar, grupo generado     situaciones sociales, de desarrollo de la espontaneidad y de provocador d personalidad han dado apoyo al contenido de la investigacion. Pero, cuand  las relaciones fallan las carencias se manifiestan en la separacion y aba      del menor y su institucionalizacion.  con este planteamiento el estudio se ha dividido en dos partes, en las qu  primero se ha estimado las repercusiones que el sindrome del internamient  ha producido en los menores, ya que han vivido en un entorno ficticio.  la segunda parte ha presentado la comparacion de una muestra de familias       hijos soportan abandono con otras dos en las que los menores, aun con rie    de abandono, viven en su medio familiar y que ha servido para conocer posteriormente la influencia que los factores de riesgo social y psicolog    tienen en el rendimiento escolar de los ni\u00f1os internos.  hay que destacar que estos ni\u00f1os han presentado inadaptacion significativ    la residencia de menores, en la que estan internos, y al centro escolar,    que asisten. Tambien se han manifestado con significativo retraso escolar   bajo rendimiento academico.<\/p>\n<p>&nbsp;<\/p>\n<h3>Datos acad\u00e9micos de la tesis doctoral \u00ab<strong>\u00abel sindrome del internamiento condicionante del rendimiento escolar\u00bb<\/strong>\u00ab<\/h3>\n<ul>\n<li><strong>T\u00edtulo de la tesis:<\/strong>\u00a0 \u00abel sindrome del internamiento condicionante del rendimiento escolar\u00bb <\/li>\n<li><strong>Autor:<\/strong>\u00a0  Sanchez Escobar Jes\u00fas Andres <\/li>\n<li><strong>Universidad:<\/strong>\u00a0 Complutense de Madrid<\/li>\n<li><strong>Fecha de lectura de la tesis:<\/strong>\u00a0 01\/01\/1993<\/li>\n<\/ul>\n<p>&nbsp;<\/p>\n<h3>Direcci\u00f3n y tribunal<\/h3>\n<ul>\n<li><strong>Director de la tesis<\/strong>\n<ul>\n<li>Jose Crespo Vasco<\/li>\n<\/ul>\n<\/li>\n<li><strong>Tribunal<\/strong>\n<ul>\n<li>Presidente del tribunal: \u00e1ngel Jes\u00fas L\u00e1zaro Mart\u00ednez <\/li>\n<li> Flores Escudero Jos\u00e9 Miguel (vocal)<\/li>\n<li>Pilar Garcibailador Martinez (vocal)<\/li>\n<li>Antonio Molero Pintado (vocal)<\/li>\n<\/ul>\n<\/li>\n<\/ul>\n<p>&nbsp;<\/p>\n","protected":false},"excerpt":{"rendered":"<p>Tesis doctoral de Sanchez Escobar Jes\u00fas Andres Los innumerables valores que tiene la estructura familiar, grupo generado situaciones sociales, de [&hellip;]<\/p>\n","protected":false},"author":1,"featured_media":0,"comment_status":"open","ping_status":"open","sticky":false,"template":"","format":"standard","meta":{"site-sidebar-layout":"default","site-content-layout":"","ast-site-content-layout":"","site-content-style":"default","site-sidebar-style":"default","ast-global-header-display":"","ast-banner-title-visibility":"","ast-main-header-display":"","ast-hfb-above-header-display":"","ast-hfb-below-header-display":"","ast-hfb-mobile-header-display":"","site-post-title":"","ast-breadcrumbs-content":"","ast-featured-img":"","footer-sml-layout":"","theme-transparent-header-meta":"","adv-header-id-meta":"","stick-header-meta":"","header-above-stick-meta":"","header-main-stick-meta":"","header-below-stick-meta":"","astra-migrate-meta-layouts":"default","ast-page-background-enabled":"default","ast-page-background-meta":{"desktop":{"background-color":"var(--ast-global-color-4)","background-image":"","background-repeat":"repeat","background-position":"center center","background-size":"auto","background-attachment":"scroll","background-type":"","background-media":"","overlay-type":"","overlay-color":"","overlay-gradient":""},"tablet":{"background-color":"","background-image":"","background-repeat":"repeat","background-position":"center center","background-size":"auto","background-attachment":"scroll","background-type":"","background-media":"","overlay-type":"","overlay-color":"","overlay-gradient":""},"mobile":{"background-color":"","background-image":"","background-repeat":"repeat","background-position":"center center","background-size":"auto","background-attachment":"scroll","background-type":"","background-media":"","overlay-type":"","overlay-color":"","overlay-gradient":""}},"ast-content-background-meta":{"desktop":{"background-color":"var(--ast-global-color-5)","background-image":"","background-repeat":"repeat","background-position":"center center","background-size":"auto","background-attachment":"scroll","background-type":"","background-media":"","overlay-type":"","overlay-color":"","overlay-gradient":""},"tablet":{"background-color":"var(--ast-global-color-5)","background-image":"","background-repeat":"repeat","background-position":"center center","background-size":"auto","background-attachment":"scroll","background-type":"","background-media":"","overlay-type":"","overlay-color":"","overlay-gradient":""},"mobile":{"background-color":"var(--ast-global-color-5)","background-image":"","background-repeat":"repeat","background-position":"center center","background-size":"auto","background-attachment":"scroll","background-type":"","background-media":"","overlay-type":"","overlay-color":"","overlay-gradient":""}},"footnotes":""},"categories":[986,1141,324,970,460,1341],"tags":[5560,26052,257892,5841,257893,257891],"class_list":["post-143151","post","type-post","status-publish","format-standard","hentry","category-complutense-de-madrid","category-pedagogia","category-psicologia","category-psicologia-del-nino-y-del-adolescente","category-psicologia-escolar","category-teoria-y-metodos-educativos","tag-angel-jesus-lazaro-Martinez","tag-antonio-molero-pintado","tag-flores-escudero-jose-miguel","tag-jose-crespo-vasco","tag-pilar-garcibailador-Martinez","tag-sanchez-escobar-jesus-andres"],"_links":{"self":[{"href":"https:\/\/www.deberes.net\/tesis\/wp-json\/wp\/v2\/posts\/143151","targetHints":{"allow":["GET"]}}],"collection":[{"href":"https:\/\/www.deberes.net\/tesis\/wp-json\/wp\/v2\/posts"}],"about":[{"href":"https:\/\/www.deberes.net\/tesis\/wp-json\/wp\/v2\/types\/post"}],"author":[{"embeddable":true,"href":"https:\/\/www.deberes.net\/tesis\/wp-json\/wp\/v2\/users\/1"}],"replies":[{"embeddable":true,"href":"https:\/\/www.deberes.net\/tesis\/wp-json\/wp\/v2\/comments?post=143151"}],"version-history":[{"count":0,"href":"https:\/\/www.deberes.net\/tesis\/wp-json\/wp\/v2\/posts\/143151\/revisions"}],"wp:attachment":[{"href":"https:\/\/www.deberes.net\/tesis\/wp-json\/wp\/v2\/media?parent=143151"}],"wp:term":[{"taxonomy":"category","embeddable":true,"href":"https:\/\/www.deberes.net\/tesis\/wp-json\/wp\/v2\/categories?post=143151"},{"taxonomy":"post_tag","embeddable":true,"href":"https:\/\/www.deberes.net\/tesis\/wp-json\/wp\/v2\/tags?post=143151"}],"curies":[{"name":"wp","href":"https:\/\/api.w.org\/{rel}","templated":true}]}}