{"id":14319,"date":"2001-07-12T00:00:00","date_gmt":"2001-07-12T00:00:00","guid":{"rendered":"https:\/\/www.deberes.net\/tesis\/sin-categoria\/estudio-medico-legal-del-suicidio-consumado-en-el-partido-judicial-de-benidorm-durante-la-decada-1990-1999\/"},"modified":"2001-07-12T00:00:00","modified_gmt":"2001-07-12T00:00:00","slug":"estudio-medico-legal-del-suicidio-consumado-en-el-partido-judicial-de-benidorm-durante-la-decada-1990-1999","status":"publish","type":"post","link":"https:\/\/www.deberes.net\/tesis\/ciencias-medicas\/estudio-medico-legal-del-suicidio-consumado-en-el-partido-judicial-de-benidorm-durante-la-decada-1990-1999\/","title":{"rendered":"Estudio m\u00e9dico-legal del suicidio consumado en el partido judicial de benidorm durante la d\u00e9cada 1990-1999"},"content":{"rendered":"<h2>Tesis doctoral de <strong> Jaime Chiarri Rodrigo <\/strong><\/h2>\n<p>El suicidio ha sido y es un tema cl\u00e1sico de estudio dentro de la medicina legal y forense. De esta manera, se ha procedido a analizar desde este campo de las ciencias forenses los casos de suicidio consumado acaecidos en el partido judicial de benidorm (alicante) durante los a\u00f1os 1990 a 1999.  el m\u00e9todo consisti\u00f3 en localizar todos los expedientes de suicidio consumado en los archivos de los juzgados de primera instancia e instrucci\u00f3n del partido judicial de benidorm, extraer de ellos las variables consideradas (edad, sexo, estado civil, nacionalidad, pa\u00eds de nacimiento, antecedentes de intentos previos de autolisis, antecedentes de enfermedad psiqui\u00e1trica, mecanismo de suicidio, hora, d\u00eda, semana, mes y a\u00f1o del suicidio, fase lunar, presencia de notas de despedida, etc.) E introducirlos en una base de datos para obtener los estad\u00edsticos descriptivos y las tablas de contingencia oportunas.  los resultados m\u00e1s significativos fueron: la edad media del suicida fue de 47 a\u00f1os; el grupo de edad m\u00e1s frecuente fue el comprendido entre 20 a 29 \u00f1os (20,8%); el var\u00f3n fue m\u00e1s frecuente que la mujer (70,8%); el 36,1% de los casos fueron extranjeros, siendo los alemanes y los ingleses los que m\u00e1s se suicidaron; los casados y los solteros se suicidaron m\u00e1s frecuentemente, con un 34,7% y un 33,3% respectivamente; el 43,1% de los casos ten\u00eda hijos; el 81,9% no hab\u00eda realizado intentos previos de autolisis; la mitad de los casos (50%) padec\u00eda una enfermedad psiqui\u00e1trica y el 55,6% no se encontraba bajo tratamiento con psicof\u00e1rmacos; el mecanismo suicida m\u00e1s utilizado fue la precipitaci\u00f3n (45,8%), seguido por la ahorcadura (34,7%); abril fue el mes donde m\u00e1s suicidios se registraron (16,6%); el s\u00e1bado fue el d\u00eda elegido con m\u00e1s frecuencia para suicidarse (22,2%), siendo el fin de semana el periodo de elecci\u00f3n para llevar a cabo el acto suicida; el suicidio fue m\u00e1s frecuente entre las 3:00 horas y las 6:00 horas y entre las 9<\/p>\n<p>&nbsp;<\/p>\n<h3>Datos acad\u00e9micos de la tesis doctoral \u00ab<strong>Estudio m\u00e9dico-legal del suicidio consumado en el partido judicial de benidorm durante la d\u00e9cada 1990-1999<\/strong>\u00ab<\/h3>\n<ul>\n<li><strong>T\u00edtulo de la tesis:<\/strong>\u00a0 Estudio m\u00e9dico-legal del suicidio consumado en el partido judicial de benidorm durante la d\u00e9cada 1990-1999 <\/li>\n<li><strong>Autor:<\/strong>\u00a0 Jaime Chiarri Rodrigo <\/li>\n<li><strong>Universidad:<\/strong>\u00a0 Miguel hern\u00e1ndez de elche<\/li>\n<li><strong>Fecha de lectura de la tesis:<\/strong>\u00a0 07\/12\/2001<\/li>\n<\/ul>\n<p>&nbsp;<\/p>\n<h3>Direcci\u00f3n y tribunal<\/h3>\n<ul>\n<li><strong>Director de la tesis<\/strong>\n<ul>\n<li>Fernando Rodes Lloret<\/li>\n<\/ul>\n<\/li>\n<li><strong>Tribunal<\/strong>\n<ul>\n<li>Presidente del tribunal: Juan  bautista Marti lloret <\/li>\n<li> G\u00f3mez alcalde M\u00aa soledad (vocal)<\/li>\n<li>sof\u00eda L\u00f3pez roig (vocal)<\/li>\n<li> Ba\u00f1\u00f3n gonz\u00e1lez Rafael m. (vocal)<\/li>\n<\/ul>\n<\/li>\n<\/ul>\n<p>&nbsp;<\/p>\n","protected":false},"excerpt":{"rendered":"<p>Tesis doctoral de Jaime Chiarri Rodrigo El suicidio ha sido y es un tema cl\u00e1sico de estudio dentro de la [&hellip;]<\/p>\n","protected":false},"author":1,"featured_media":0,"comment_status":"open","ping_status":"open","sticky":false,"template":"","format":"standard","meta":{"site-sidebar-layout":"default","site-content-layout":"","ast-site-content-layout":"","site-content-style":"default","site-sidebar-style":"default","ast-global-header-display":"","ast-banner-title-visibility":"","ast-main-header-display":"","ast-hfb-above-header-display":"","ast-hfb-below-header-display":"","ast-hfb-mobile-header-display":"","site-post-title":"","ast-breadcrumbs-content":"","ast-featured-img":"","footer-sml-layout":"","theme-transparent-header-meta":"","adv-header-id-meta":"","stick-header-meta":"","header-above-stick-meta":"","header-main-stick-meta":"","header-below-stick-meta":"","astra-migrate-meta-layouts":"default","ast-page-background-enabled":"default","ast-page-background-meta":{"desktop":{"background-color":"var(--ast-global-color-4)","background-image":"","background-repeat":"repeat","background-position":"center center","background-size":"auto","background-attachment":"scroll","background-type":"","background-media":"","overlay-type":"","overlay-color":"","overlay-gradient":""},"tablet":{"background-color":"","background-image":"","background-repeat":"repeat","background-position":"center center","background-size":"auto","background-attachment":"scroll","background-type":"","background-media":"","overlay-type":"","overlay-color":"","overlay-gradient":""},"mobile":{"background-color":"","background-image":"","background-repeat":"repeat","background-position":"center center","background-size":"auto","background-attachment":"scroll","background-type":"","background-media":"","overlay-type":"","overlay-color":"","overlay-gradient":""}},"ast-content-background-meta":{"desktop":{"background-color":"var(--ast-global-color-5)","background-image":"","background-repeat":"repeat","background-position":"center center","background-size":"auto","background-attachment":"scroll","background-type":"","background-media":"","overlay-type":"","overlay-color":"","overlay-gradient":""},"tablet":{"background-color":"var(--ast-global-color-5)","background-image":"","background-repeat":"repeat","background-position":"center center","background-size":"auto","background-attachment":"scroll","background-type":"","background-media":"","overlay-type":"","overlay-color":"","overlay-gradient":""},"mobile":{"background-color":"var(--ast-global-color-5)","background-image":"","background-repeat":"repeat","background-position":"center center","background-size":"auto","background-attachment":"scroll","background-type":"","background-media":"","overlay-type":"","overlay-color":"","overlay-gradient":""}},"footnotes":""},"categories":[922,5863,35,9,968,37169],"tags":[46139,39358,46138,46137,9372,19483],"class_list":["post-14319","post","type-post","status-publish","format-standard","hentry","category-antropologia-fisica","category-antropologia-medica","category-ciencias-de-la-vida","category-ciencias-medicas","category-medicina-forense","category-miguel-hernandez-de-elche","tag-banon-gonzalez-rafael-m","tag-fernando-rodes-lloret","tag-gomez-alcalde-ma-soledad","tag-jaime-chiarri-rodrigo","tag-juan-bautista-marti-lloret","tag-sofia-lopez-roig"],"_links":{"self":[{"href":"https:\/\/www.deberes.net\/tesis\/wp-json\/wp\/v2\/posts\/14319","targetHints":{"allow":["GET"]}}],"collection":[{"href":"https:\/\/www.deberes.net\/tesis\/wp-json\/wp\/v2\/posts"}],"about":[{"href":"https:\/\/www.deberes.net\/tesis\/wp-json\/wp\/v2\/types\/post"}],"author":[{"embeddable":true,"href":"https:\/\/www.deberes.net\/tesis\/wp-json\/wp\/v2\/users\/1"}],"replies":[{"embeddable":true,"href":"https:\/\/www.deberes.net\/tesis\/wp-json\/wp\/v2\/comments?post=14319"}],"version-history":[{"count":0,"href":"https:\/\/www.deberes.net\/tesis\/wp-json\/wp\/v2\/posts\/14319\/revisions"}],"wp:attachment":[{"href":"https:\/\/www.deberes.net\/tesis\/wp-json\/wp\/v2\/media?parent=14319"}],"wp:term":[{"taxonomy":"category","embeddable":true,"href":"https:\/\/www.deberes.net\/tesis\/wp-json\/wp\/v2\/categories?post=14319"},{"taxonomy":"post_tag","embeddable":true,"href":"https:\/\/www.deberes.net\/tesis\/wp-json\/wp\/v2\/tags?post=14319"}],"curies":[{"name":"wp","href":"https:\/\/api.w.org\/{rel}","templated":true}]}}