{"id":143238,"date":"1993-01-01T00:00:00","date_gmt":"1993-01-01T00:00:00","guid":{"rendered":"https:\/\/www.deberes.net\/tesis\/sin-categoria\/un-modelo-de-prensa-especializada-durante-la-guerra-civil\/"},"modified":"1993-01-01T00:00:00","modified_gmt":"1993-01-01T00:00:00","slug":"un-modelo-de-prensa-especializada-durante-la-guerra-civil","status":"publish","type":"post","link":"https:\/\/www.deberes.net\/tesis\/historia\/un-modelo-de-prensa-especializada-durante-la-guerra-civil\/","title":{"rendered":"Un modelo de prensa especializada durante la guerra civil."},"content":{"rendered":"<h2>Tesis doctoral de <strong> Alfonso Vericat Nu\u00f1ez <\/strong><\/h2>\n<p>El objeto de la investigacion se contextualiza en el ambito del periodico el magisterio espa\u00f1ol en el periodo de la guerra civil, durante los a\u00f1os 1936, 1937 y 1938.  se ha desarrollado la investigacion con una metodolog\u00eda de analisis de contenido referido a un determinado tiempo-espacio-soporte impreso, que ha permitido obtener los titulos y referencias tematicas mas significativas, confirmar las hipotesis que se formulan, trazar el perfil socio-cultural del periodico y enumerar las conclusiones generales. Se han analizado un total de 134 ejemplares que significan 1.738 paginas. Fue el unico periodico especializado en educacion que existio en aquella epoca dependiente de la direccion general de instruccion publica del gobierno de la republica.<\/p>\n<p>&nbsp;<\/p>\n<h3>Datos acad\u00e9micos de la tesis doctoral \u00ab<strong>Un modelo de prensa especializada durante la guerra civil.<\/strong>\u00ab<\/h3>\n<ul>\n<li><strong>T\u00edtulo de la tesis:<\/strong>\u00a0 Un modelo de prensa especializada durante la guerra civil. <\/li>\n<li><strong>Autor:<\/strong>\u00a0 Alfonso Vericat Nu\u00f1ez <\/li>\n<li><strong>Universidad:<\/strong>\u00a0 Complutense de Madrid<\/li>\n<li><strong>Fecha de lectura de la tesis:<\/strong>\u00a0 01\/01\/1993<\/li>\n<\/ul>\n<p>&nbsp;<\/p>\n<h3>Direcci\u00f3n y tribunal<\/h3>\n<ul>\n<li><strong>Director de la tesis<\/strong>\n<ul>\n<li>Pedro Orive Riva<\/li>\n<\/ul>\n<\/li>\n<li><strong>Tribunal<\/strong>\n<ul>\n<li>Presidente del tribunal:  Fernandez Del Moral Alfonso Javier <\/li>\n<li>Emilio Lopez Barajas (vocal)<\/li>\n<li>Francisco Vazquez Fernandez (vocal)<\/li>\n<li>Manuel Fernandez Areal (vocal)<\/li>\n<\/ul>\n<\/li>\n<\/ul>\n<p>&nbsp;<\/p>\n","protected":false},"excerpt":{"rendered":"<p>Tesis doctoral de Alfonso Vericat Nu\u00f1ez El objeto de la investigacion se contextualiza en el ambito del periodico el magisterio [&hellip;]<\/p>\n","protected":false},"author":1,"featured_media":0,"comment_status":"open","ping_status":"open","sticky":false,"template":"","format":"standard","meta":{"site-sidebar-layout":"default","site-content-layout":"","ast-site-content-layout":"","site-content-style":"default","site-sidebar-style":"default","ast-global-header-display":"","ast-banner-title-visibility":"","ast-main-header-display":"","ast-hfb-above-header-display":"","ast-hfb-below-header-display":"","ast-hfb-mobile-header-display":"","site-post-title":"","ast-breadcrumbs-content":"","ast-featured-img":"","footer-sml-layout":"","theme-transparent-header-meta":"","adv-header-id-meta":"","stick-header-meta":"","header-above-stick-meta":"","header-main-stick-meta":"","header-below-stick-meta":"","astra-migrate-meta-layouts":"default","ast-page-background-enabled":"default","ast-page-background-meta":{"desktop":{"background-color":"var(--ast-global-color-4)","background-image":"","background-repeat":"repeat","background-position":"center center","background-size":"auto","background-attachment":"scroll","background-type":"","background-media":"","overlay-type":"","overlay-color":"","overlay-gradient":""},"tablet":{"background-color":"","background-image":"","background-repeat":"repeat","background-position":"center center","background-size":"auto","background-attachment":"scroll","background-type":"","background-media":"","overlay-type":"","overlay-color":"","overlay-gradient":""},"mobile":{"background-color":"","background-image":"","background-repeat":"repeat","background-position":"center center","background-size":"auto","background-attachment":"scroll","background-type":"","background-media":"","overlay-type":"","overlay-color":"","overlay-gradient":""}},"ast-content-background-meta":{"desktop":{"background-color":"var(--ast-global-color-5)","background-image":"","background-repeat":"repeat","background-position":"center center","background-size":"auto","background-attachment":"scroll","background-type":"","background-media":"","overlay-type":"","overlay-color":"","overlay-gradient":""},"tablet":{"background-color":"var(--ast-global-color-5)","background-image":"","background-repeat":"repeat","background-position":"center center","background-size":"auto","background-attachment":"scroll","background-type":"","background-media":"","overlay-type":"","overlay-color":"","overlay-gradient":""},"mobile":{"background-color":"var(--ast-global-color-5)","background-image":"","background-repeat":"repeat","background-position":"center center","background-size":"auto","background-attachment":"scroll","background-type":"","background-media":"","overlay-type":"","overlay-color":"","overlay-gradient":""}},"footnotes":""},"categories":[838,986,104,353,220,4840,4841],"tags":[257986,234487,5054,6665,26106,4910],"class_list":["post-143238","post","type-post","status-publish","format-standard","hentry","category-ciencia-politica","category-complutense-de-madrid","category-historia","category-historia-contemporanea-del-area-europea","category-historia-por-epocas","category-opinion-publica","category-prensa","tag-alfonso-vericat-nunez","tag-emilio-lopez-barajas","tag-fernandez-del-moral-alfonso-javier","tag-francisco-vazquez-fernandez","tag-manuel-fernandez-areal","tag-pedro-orive-riva"],"_links":{"self":[{"href":"https:\/\/www.deberes.net\/tesis\/wp-json\/wp\/v2\/posts\/143238","targetHints":{"allow":["GET"]}}],"collection":[{"href":"https:\/\/www.deberes.net\/tesis\/wp-json\/wp\/v2\/posts"}],"about":[{"href":"https:\/\/www.deberes.net\/tesis\/wp-json\/wp\/v2\/types\/post"}],"author":[{"embeddable":true,"href":"https:\/\/www.deberes.net\/tesis\/wp-json\/wp\/v2\/users\/1"}],"replies":[{"embeddable":true,"href":"https:\/\/www.deberes.net\/tesis\/wp-json\/wp\/v2\/comments?post=143238"}],"version-history":[{"count":0,"href":"https:\/\/www.deberes.net\/tesis\/wp-json\/wp\/v2\/posts\/143238\/revisions"}],"wp:attachment":[{"href":"https:\/\/www.deberes.net\/tesis\/wp-json\/wp\/v2\/media?parent=143238"}],"wp:term":[{"taxonomy":"category","embeddable":true,"href":"https:\/\/www.deberes.net\/tesis\/wp-json\/wp\/v2\/categories?post=143238"},{"taxonomy":"post_tag","embeddable":true,"href":"https:\/\/www.deberes.net\/tesis\/wp-json\/wp\/v2\/tags?post=143238"}],"curies":[{"name":"wp","href":"https:\/\/api.w.org\/{rel}","templated":true}]}}