{"id":14326,"date":"2001-10-12T00:00:00","date_gmt":"2001-10-12T00:00:00","guid":{"rendered":"https:\/\/www.deberes.net\/tesis\/sin-categoria\/procesos-ideologicos-entre-los-inmigrantes-marroquies-en-la-comunidad-de-madrid\/"},"modified":"2001-10-12T00:00:00","modified_gmt":"2001-10-12T00:00:00","slug":"procesos-ideologicos-entre-los-inmigrantes-marroquies-en-la-comunidad-de-madrid","status":"publish","type":"post","link":"https:\/\/www.deberes.net\/tesis\/psicologia\/procesos-ideologicos-entre-los-inmigrantes-marroquies-en-la-comunidad-de-madrid\/","title":{"rendered":"Procesos ideol\u00f3gicos entre los inmigrantes marroquies en la comunidad de Madrid"},"content":{"rendered":"<h2>Tesis doctoral de <strong> Juan  Ignacio Castien Maestro <\/strong><\/h2>\n<p>Se estudian algunos de los procesos sociocognitivos mediante los que los inmigrantes marroqu\u00edes afincados en la comunidad de Madrid construyen sus propios sistemas ideol\u00f3gicos. Se abordan fundamentalmente los componentes de estos sistemas m\u00e1s directamente relacionados con la categorizaci\u00f3n social. se localizan los principales principios de categorizaci\u00f3n social aplicados sobre los espa\u00f1oles, los otros marroqu\u00edes o los inmigrantes de otras nacionalidades.La investigaci\u00f3n se desarrolla en dos direcciones.  1,- se intentan establecer las ideolog\u00edas m\u00e1s globales a las que se pueden remitir estos principios de categorizaci\u00f3n social. Estas ideolog\u00edas son b\u00e1sicamente tres: la isl\u00e1mica, la nacionalista y la de la modernizaci\u00f3n. se describen los rasgos definitorios de cada una de las tres, en especial la isl\u00e1mica. Tambi\u00e9n se estudian los modos en que se combinan estas tres ideolog\u00edas, reforz\u00e1ndose entre s\u00ed, o por el contrario, entrando en contradicci\u00f3n. las ideolog\u00edas concretas sustentadas por nuestros informantes son consideradas como combinaciones de este tipo.  2,- se estudian las relaciones entre los principios de categorizaci\u00f3n social y m\u00e1s indirectamente la ideolog\u00edas m\u00e1s globales en las que se inscriben y el comportamiento pr\u00e1ctico de los imigrantes marroqui\u00e9s. Se abordan las articulaciones entre sus distintas elaboraciones ideol\u00f3gicas y sus diferentes orientaciones con respecto a su endogrupo y sexogrupo nacional.<\/p>\n<p>&nbsp;<\/p>\n<h3>Datos acad\u00e9micos de la tesis doctoral \u00ab<strong>Procesos ideol\u00f3gicos entre los inmigrantes marroquies en la comunidad de Madrid<\/strong>\u00ab<\/h3>\n<ul>\n<li><strong>T\u00edtulo de la tesis:<\/strong>\u00a0 Procesos ideol\u00f3gicos entre los inmigrantes marroquies en la comunidad de Madrid <\/li>\n<li><strong>Autor:<\/strong>\u00a0 Juan  Ignacio Castien Maestro <\/li>\n<li><strong>Universidad:<\/strong>\u00a0 Complutense de Madrid<\/li>\n<li><strong>Fecha de lectura de la tesis:<\/strong>\u00a0 10\/12\/2001<\/li>\n<\/ul>\n<p>&nbsp;<\/p>\n<h3>Direcci\u00f3n y tribunal<\/h3>\n<ul>\n<li><strong>Director de la tesis<\/strong>\n<ul>\n<li> Berguere Dezaphi Joelle Ana<\/li>\n<\/ul>\n<\/li>\n<li><strong>Tribunal<\/strong>\n<ul>\n<li>Presidente del tribunal:  Torregrosa peris Jos\u00e9 ram\u00f3n <\/li>\n<li>tomas Ib\u00e1\u00f1ez gracia (vocal)<\/li>\n<li>eduardo Crespo suarez (vocal)<\/li>\n<li>bernab\u00e9 L\u00f3pez Garc\u00eda (vocal)<\/li>\n<\/ul>\n<\/li>\n<\/ul>\n<p>&nbsp;<\/p>\n","protected":false},"excerpt":{"rendered":"<p>Tesis doctoral de Juan Ignacio Castien Maestro Se estudian algunos de los procesos sociocognitivos mediante los que los inmigrantes marroqu\u00edes [&hellip;]<\/p>\n","protected":false},"author":1,"featured_media":0,"comment_status":"open","ping_status":"open","sticky":false,"template":"","format":"standard","meta":{"site-sidebar-layout":"default","site-content-layout":"","ast-site-content-layout":"","site-content-style":"default","site-sidebar-style":"default","ast-global-header-display":"","ast-banner-title-visibility":"","ast-main-header-display":"","ast-hfb-above-header-display":"","ast-hfb-below-header-display":"","ast-hfb-mobile-header-display":"","site-post-title":"","ast-breadcrumbs-content":"","ast-featured-img":"","footer-sml-layout":"","theme-transparent-header-meta":"","adv-header-id-meta":"","stick-header-meta":"","header-above-stick-meta":"","header-main-stick-meta":"","header-below-stick-meta":"","astra-migrate-meta-layouts":"default","ast-page-background-enabled":"default","ast-page-background-meta":{"desktop":{"background-color":"var(--ast-global-color-4)","background-image":"","background-repeat":"repeat","background-position":"center center","background-size":"auto","background-attachment":"scroll","background-type":"","background-media":"","overlay-type":"","overlay-color":"","overlay-gradient":""},"tablet":{"background-color":"","background-image":"","background-repeat":"repeat","background-position":"center center","background-size":"auto","background-attachment":"scroll","background-type":"","background-media":"","overlay-type":"","overlay-color":"","overlay-gradient":""},"mobile":{"background-color":"","background-image":"","background-repeat":"repeat","background-position":"center center","background-size":"auto","background-attachment":"scroll","background-type":"","background-media":"","overlay-type":"","overlay-color":"","overlay-gradient":""}},"ast-content-background-meta":{"desktop":{"background-color":"var(--ast-global-color-5)","background-image":"","background-repeat":"repeat","background-position":"center center","background-size":"auto","background-attachment":"scroll","background-type":"","background-media":"","overlay-type":"","overlay-color":"","overlay-gradient":""},"tablet":{"background-color":"var(--ast-global-color-5)","background-image":"","background-repeat":"repeat","background-position":"center center","background-size":"auto","background-attachment":"scroll","background-type":"","background-media":"","overlay-type":"","overlay-color":"","overlay-gradient":""},"mobile":{"background-color":"var(--ast-global-color-5)","background-image":"","background-repeat":"repeat","background-position":"center center","background-size":"auto","background-attachment":"scroll","background-type":"","background-media":"","overlay-type":"","overlay-color":"","overlay-gradient":""}},"footnotes":""},"categories":[324,5329,996],"tags":[46162,5650,23867,46161,6711,7343],"class_list":["post-14326","post","type-post","status-publish","format-standard","hentry","category-psicologia","category-psicologia-de-comunidades","category-psicologia-social","tag-berguere-dezaphi-joelle-ana","tag-bernabe-lopez-garcia","tag-eduardo-crespo-suarez","tag-juan-ignacio-castien-maestro","tag-tomas-ibanez-gracia","tag-torregrosa-peris-jose-ramon"],"_links":{"self":[{"href":"https:\/\/www.deberes.net\/tesis\/wp-json\/wp\/v2\/posts\/14326","targetHints":{"allow":["GET"]}}],"collection":[{"href":"https:\/\/www.deberes.net\/tesis\/wp-json\/wp\/v2\/posts"}],"about":[{"href":"https:\/\/www.deberes.net\/tesis\/wp-json\/wp\/v2\/types\/post"}],"author":[{"embeddable":true,"href":"https:\/\/www.deberes.net\/tesis\/wp-json\/wp\/v2\/users\/1"}],"replies":[{"embeddable":true,"href":"https:\/\/www.deberes.net\/tesis\/wp-json\/wp\/v2\/comments?post=14326"}],"version-history":[{"count":0,"href":"https:\/\/www.deberes.net\/tesis\/wp-json\/wp\/v2\/posts\/14326\/revisions"}],"wp:attachment":[{"href":"https:\/\/www.deberes.net\/tesis\/wp-json\/wp\/v2\/media?parent=14326"}],"wp:term":[{"taxonomy":"category","embeddable":true,"href":"https:\/\/www.deberes.net\/tesis\/wp-json\/wp\/v2\/categories?post=14326"},{"taxonomy":"post_tag","embeddable":true,"href":"https:\/\/www.deberes.net\/tesis\/wp-json\/wp\/v2\/tags?post=14326"}],"curies":[{"name":"wp","href":"https:\/\/api.w.org\/{rel}","templated":true}]}}