{"id":143281,"date":"1993-01-01T00:00:00","date_gmt":"1993-01-01T00:00:00","guid":{"rendered":"https:\/\/www.deberes.net\/tesis\/sin-categoria\/impacto-del-maltrato-sobre-el-ambito-socio-afectivo-en-ninos-de-status-socioeconomico-bajo\/"},"modified":"1993-01-01T00:00:00","modified_gmt":"1993-01-01T00:00:00","slug":"impacto-del-maltrato-sobre-el-ambito-socio-afectivo-en-ninos-de-status-socioeconomico-bajo","status":"publish","type":"post","link":"https:\/\/www.deberes.net\/tesis\/psicologia\/impacto-del-maltrato-sobre-el-ambito-socio-afectivo-en-ninos-de-status-socioeconomico-bajo\/","title":{"rendered":"Impacto del maltrato sobre el ambito socio-afectivo en ni\u00f1os de status socioeconomico bajo"},"content":{"rendered":"<h2>Tesis doctoral de <strong>  Gallardo Cruz Jos\u00e9 Antonio <\/strong><\/h2>\n<p>Se trata de un estudio epidemiologico de ni\u00f1os de 11 a 14 a\u00f1os de bajo status e internos en instituciones de beneficencia. Los tres grupos son: 1) no maltratados; 2) violencia familiar sin maltrato al ni\u00f1o; 3) maltratados.  este diagnostico, validado con un criterio externo, se extrajo de una entrevista estructurada, en la que se recogio informacion sobre: a) datos socioeconomicos y culturales; b) problemas de las familias; c) problemas psicosociales de los ni\u00f1os; d) problemas afectivos.  ademas se evaluo: e) locus; f) atribuciones sobre malos tratos; g) auto-concepto; h) asertividad; i) estrategias de solucion de problemas inter-personales; j) evaluacion de iguales; k) del profesor. Los resultados discriminan ampliamente a los grupos 1 y 3, y en menor medida al grupo 2. La edad intensifica los deficits y problemas de los ni\u00f1os maltratados.<\/p>\n<p>&nbsp;<\/p>\n<h3>Datos acad\u00e9micos de la tesis doctoral \u00ab<strong>Impacto del maltrato sobre el ambito socio-afectivo en ni\u00f1os de status socioeconomico bajo<\/strong>\u00ab<\/h3>\n<ul>\n<li><strong>T\u00edtulo de la tesis:<\/strong>\u00a0 Impacto del maltrato sobre el ambito socio-afectivo en ni\u00f1os de status socioeconomico bajo <\/li>\n<li><strong>Autor:<\/strong>\u00a0  Gallardo Cruz Jos\u00e9 Antonio <\/li>\n<li><strong>Universidad:<\/strong>\u00a0 M\u00e1laga<\/li>\n<li><strong>Fecha de lectura de la tesis:<\/strong>\u00a0 01\/01\/1993<\/li>\n<\/ul>\n<p>&nbsp;<\/p>\n<h3>Direcci\u00f3n y tribunal<\/h3>\n<ul>\n<li><strong>Director de la tesis<\/strong>\n<ul>\n<li> Trianes Torres M. Victoria<\/li>\n<\/ul>\n<\/li>\n<li><strong>Tribunal<\/strong>\n<ul>\n<li>Presidente del tribunal: Mar\u00eda  Jes\u00fas (secretario) Fuentes Rebollo <\/li>\n<li>M\u00aa Carmen Moreno Rodr\u00edguez (vocal)<\/li>\n<li>Alfredo Oliva Delgado (vocal)<\/li>\n<li>  (vocal)<\/li>\n<\/ul>\n<\/li>\n<\/ul>\n<p>&nbsp;<\/p>\n","protected":false},"excerpt":{"rendered":"<p>Tesis doctoral de Gallardo Cruz Jos\u00e9 Antonio Se trata de un estudio epidemiologico de ni\u00f1os de 11 a 14 a\u00f1os [&hellip;]<\/p>\n","protected":false},"author":1,"featured_media":0,"comment_status":"open","ping_status":"open","sticky":false,"template":"","format":"standard","meta":{"site-sidebar-layout":"default","site-content-layout":"","ast-site-content-layout":"","site-content-style":"default","site-sidebar-style":"default","ast-global-header-display":"","ast-banner-title-visibility":"","ast-main-header-display":"","ast-hfb-above-header-display":"","ast-hfb-below-header-display":"","ast-hfb-mobile-header-display":"","site-post-title":"","ast-breadcrumbs-content":"","ast-featured-img":"","footer-sml-layout":"","theme-transparent-header-meta":"","adv-header-id-meta":"","stick-header-meta":"","header-above-stick-meta":"","header-main-stick-meta":"","header-below-stick-meta":"","astra-migrate-meta-layouts":"default","ast-page-background-enabled":"default","ast-page-background-meta":{"desktop":{"background-color":"var(--ast-global-color-4)","background-image":"","background-repeat":"repeat","background-position":"center center","background-size":"auto","background-attachment":"scroll","background-type":"","background-media":"","overlay-type":"","overlay-color":"","overlay-gradient":""},"tablet":{"background-color":"","background-image":"","background-repeat":"repeat","background-position":"center center","background-size":"auto","background-attachment":"scroll","background-type":"","background-media":"","overlay-type":"","overlay-color":"","overlay-gradient":""},"mobile":{"background-color":"","background-image":"","background-repeat":"repeat","background-position":"center center","background-size":"auto","background-attachment":"scroll","background-type":"","background-media":"","overlay-type":"","overlay-color":"","overlay-gradient":""}},"ast-content-background-meta":{"desktop":{"background-color":"var(--ast-global-color-5)","background-image":"","background-repeat":"repeat","background-position":"center center","background-size":"auto","background-attachment":"scroll","background-type":"","background-media":"","overlay-type":"","overlay-color":"","overlay-gradient":""},"tablet":{"background-color":"var(--ast-global-color-5)","background-image":"","background-repeat":"repeat","background-position":"center center","background-size":"auto","background-attachment":"scroll","background-type":"","background-media":"","overlay-type":"","overlay-color":"","overlay-gradient":""},"mobile":{"background-color":"var(--ast-global-color-5)","background-image":"","background-repeat":"repeat","background-position":"center center","background-size":"auto","background-attachment":"scroll","background-type":"","background-media":"","overlay-type":"","overlay-color":"","overlay-gradient":""}},"footnotes":""},"categories":[6025,7834,324,970],"tags":[54317,153479,258028,103815,93531],"class_list":["post-143281","post","type-post","status-publish","format-standard","hentry","category-estudio-psicologico-de-cuestiones-sociales","category-malaga","category-psicologia","category-psicologia-del-nino-y-del-adolescente","tag-alfredo-oliva-delgado","tag-gallardo-cruz-jose-antonio","tag-maria-jesus-secretario-fuentes-rebollo","tag-ma-carmen-moreno-rodriguez","tag-trianes-torres-m-victoria"],"_links":{"self":[{"href":"https:\/\/www.deberes.net\/tesis\/wp-json\/wp\/v2\/posts\/143281","targetHints":{"allow":["GET"]}}],"collection":[{"href":"https:\/\/www.deberes.net\/tesis\/wp-json\/wp\/v2\/posts"}],"about":[{"href":"https:\/\/www.deberes.net\/tesis\/wp-json\/wp\/v2\/types\/post"}],"author":[{"embeddable":true,"href":"https:\/\/www.deberes.net\/tesis\/wp-json\/wp\/v2\/users\/1"}],"replies":[{"embeddable":true,"href":"https:\/\/www.deberes.net\/tesis\/wp-json\/wp\/v2\/comments?post=143281"}],"version-history":[{"count":0,"href":"https:\/\/www.deberes.net\/tesis\/wp-json\/wp\/v2\/posts\/143281\/revisions"}],"wp:attachment":[{"href":"https:\/\/www.deberes.net\/tesis\/wp-json\/wp\/v2\/media?parent=143281"}],"wp:term":[{"taxonomy":"category","embeddable":true,"href":"https:\/\/www.deberes.net\/tesis\/wp-json\/wp\/v2\/categories?post=143281"},{"taxonomy":"post_tag","embeddable":true,"href":"https:\/\/www.deberes.net\/tesis\/wp-json\/wp\/v2\/tags?post=143281"}],"curies":[{"name":"wp","href":"https:\/\/api.w.org\/{rel}","templated":true}]}}