{"id":143309,"date":"1993-01-01T00:00:00","date_gmt":"1993-01-01T00:00:00","guid":{"rendered":"https:\/\/www.deberes.net\/tesis\/sin-categoria\/localizacion-y-crecimiento-regional-del-empleo-en-las-comunidades-autonomas-1980-1991\/"},"modified":"1993-01-01T00:00:00","modified_gmt":"1993-01-01T00:00:00","slug":"localizacion-y-crecimiento-regional-del-empleo-en-las-comunidades-autonomas-1980-1991","status":"publish","type":"post","link":"https:\/\/www.deberes.net\/tesis\/ciencias-economicas\/localizacion-y-crecimiento-regional-del-empleo-en-las-comunidades-autonomas-1980-1991\/","title":{"rendered":"Localizacion y crecimiento regional del empleo en las comunidades autonomas (1980-1991)"},"content":{"rendered":"<h2>Tesis doctoral de <strong> Pilar Lopez Delgado <\/strong><\/h2>\n<p>El objetivo que se persigue con la investigacion es conocer la dinamica regional del empleo en espa\u00f1a en el periodo 1980-1991, para ello se desarrolla una metodolog\u00eda adecuada. La metodolog\u00eda que se propone consta de dos fases. La primera seria la aplicacion de una variante del analisis shift-share, para discriminar si la evolucion de una region viene explicada por su estructura productiva. En los casos en que no es asi, se aplica una segunda fase que consiste en la obtencion de las elasticidades de localizacion.  los valores de las elasticidades de localizacion se interpretan segun una modelizacion que se contrasta para el empleo en espa\u00f1a mediante un sistema dinamico de ecuaciones simultaneas. Los resultados empiricos permiten afirmar que en periodos de crecimiento de una actividad, las participaciones regionales tienden a converger.  por ultimo, los desarrollos metodologicos alcanzados se aplican a la realidad del empleo en espa\u00f1a en el periodo 1980-91.<\/p>\n<p>&nbsp;<\/p>\n<h3>Datos acad\u00e9micos de la tesis doctoral \u00ab<strong>Localizacion y crecimiento regional del empleo en las comunidades autonomas (1980-1991)<\/strong>\u00ab<\/h3>\n<ul>\n<li><strong>T\u00edtulo de la tesis:<\/strong>\u00a0 Localizacion y crecimiento regional del empleo en las comunidades autonomas (1980-1991) <\/li>\n<li><strong>Autor:<\/strong>\u00a0 Pilar Lopez Delgado <\/li>\n<li><strong>Universidad:<\/strong>\u00a0 M\u00e1laga<\/li>\n<li><strong>Fecha de lectura de la tesis:<\/strong>\u00a0 01\/01\/1993<\/li>\n<\/ul>\n<p>&nbsp;<\/p>\n<h3>Direcci\u00f3n y tribunal<\/h3>\n<ul>\n<li><strong>Director de la tesis<\/strong>\n<ul>\n<li> Otero Moreno Jos\u00e9 M.<\/li>\n<\/ul>\n<\/li>\n<li><strong>Tribunal<\/strong>\n<ul>\n<li>Presidente del tribunal: Antonio Pulido San Rom\u00e1n <\/li>\n<li>Manuel Artis Ortu\u00f1o (vocal)<\/li>\n<li>Guillermina Mart\u00edn Reyes (vocal)<\/li>\n<li>Jes\u00fas Cavero \u00e1lvarez (vocal)<\/li>\n<\/ul>\n<\/li>\n<\/ul>\n<p>&nbsp;<\/p>\n","protected":false},"excerpt":{"rendered":"<p>Tesis doctoral de Pilar Lopez Delgado El objetivo que se persigue con la investigacion es conocer la dinamica regional del [&hellip;]<\/p>\n","protected":false},"author":1,"featured_media":0,"comment_status":"open","ping_status":"open","sticky":false,"template":"","format":"standard","meta":{"site-sidebar-layout":"default","site-content-layout":"","ast-site-content-layout":"","site-content-style":"default","site-sidebar-style":"default","ast-global-header-display":"","ast-banner-title-visibility":"","ast-main-header-display":"","ast-hfb-above-header-display":"","ast-hfb-below-header-display":"","ast-hfb-mobile-header-display":"","site-post-title":"","ast-breadcrumbs-content":"","ast-featured-img":"","footer-sml-layout":"","theme-transparent-header-meta":"","adv-header-id-meta":"","stick-header-meta":"","header-above-stick-meta":"","header-main-stick-meta":"","header-below-stick-meta":"","astra-migrate-meta-layouts":"default","ast-page-background-enabled":"default","ast-page-background-meta":{"desktop":{"background-color":"var(--ast-global-color-4)","background-image":"","background-repeat":"repeat","background-position":"center center","background-size":"auto","background-attachment":"scroll","background-type":"","background-media":"","overlay-type":"","overlay-color":"","overlay-gradient":""},"tablet":{"background-color":"","background-image":"","background-repeat":"repeat","background-position":"center center","background-size":"auto","background-attachment":"scroll","background-type":"","background-media":"","overlay-type":"","overlay-color":"","overlay-gradient":""},"mobile":{"background-color":"","background-image":"","background-repeat":"repeat","background-position":"center center","background-size":"auto","background-attachment":"scroll","background-type":"","background-media":"","overlay-type":"","overlay-color":"","overlay-gradient":""}},"ast-content-background-meta":{"desktop":{"background-color":"var(--ast-global-color-5)","background-image":"","background-repeat":"repeat","background-position":"center center","background-size":"auto","background-attachment":"scroll","background-type":"","background-media":"","overlay-type":"","overlay-color":"","overlay-gradient":""},"tablet":{"background-color":"var(--ast-global-color-5)","background-image":"","background-repeat":"repeat","background-position":"center center","background-size":"auto","background-attachment":"scroll","background-type":"","background-media":"","overlay-type":"","overlay-color":"","overlay-gradient":""},"mobile":{"background-color":"var(--ast-global-color-5)","background-image":"","background-repeat":"repeat","background-position":"center center","background-size":"auto","background-attachment":"scroll","background-type":"","background-media":"","overlay-type":"","overlay-color":"","overlay-gradient":""}},"footnotes":""},"categories":[82,974,1068,1399,11756,3091,7834],"tags":[12418,12866,12834,33539,74151,71128],"class_list":["post-143309","post","type-post","status-publish","format-standard","hentry","category-ciencias-economicas","category-econometria","category-estadistica-economica","category-geografia","category-geografia-del-desarrollo-regional","category-geografia-economica","category-malaga","tag-antonio-pulido-san-roman","tag-guillermina-martin-reyes","tag-jesus-cavero-alvarez","tag-manuel-artis-ortuno","tag-otero-moreno-jose-m","tag-pilar-lopez-delgado"],"_links":{"self":[{"href":"https:\/\/www.deberes.net\/tesis\/wp-json\/wp\/v2\/posts\/143309","targetHints":{"allow":["GET"]}}],"collection":[{"href":"https:\/\/www.deberes.net\/tesis\/wp-json\/wp\/v2\/posts"}],"about":[{"href":"https:\/\/www.deberes.net\/tesis\/wp-json\/wp\/v2\/types\/post"}],"author":[{"embeddable":true,"href":"https:\/\/www.deberes.net\/tesis\/wp-json\/wp\/v2\/users\/1"}],"replies":[{"embeddable":true,"href":"https:\/\/www.deberes.net\/tesis\/wp-json\/wp\/v2\/comments?post=143309"}],"version-history":[{"count":0,"href":"https:\/\/www.deberes.net\/tesis\/wp-json\/wp\/v2\/posts\/143309\/revisions"}],"wp:attachment":[{"href":"https:\/\/www.deberes.net\/tesis\/wp-json\/wp\/v2\/media?parent=143309"}],"wp:term":[{"taxonomy":"category","embeddable":true,"href":"https:\/\/www.deberes.net\/tesis\/wp-json\/wp\/v2\/categories?post=143309"},{"taxonomy":"post_tag","embeddable":true,"href":"https:\/\/www.deberes.net\/tesis\/wp-json\/wp\/v2\/tags?post=143309"}],"curies":[{"name":"wp","href":"https:\/\/api.w.org\/{rel}","templated":true}]}}