{"id":143416,"date":"1993-01-01T00:00:00","date_gmt":"1993-01-01T00:00:00","guid":{"rendered":"https:\/\/www.deberes.net\/tesis\/sin-categoria\/diseno-de-una-escala-multifactorial-para-la-estimacion-del-dano-ocular-en-la-valoracion-del-dano\/"},"modified":"1993-01-01T00:00:00","modified_gmt":"1993-01-01T00:00:00","slug":"diseno-de-una-escala-multifactorial-para-la-estimacion-del-dano-ocular-en-la-valoracion-del-dano","status":"publish","type":"post","link":"https:\/\/www.deberes.net\/tesis\/ciencias-medicas\/diseno-de-una-escala-multifactorial-para-la-estimacion-del-dano-ocular-en-la-valoracion-del-dano\/","title":{"rendered":"Dise\u00f1o de una escala multifactorial para la estimacion del da\u00f1o ocular en la valoracion del da\u00f1o."},"content":{"rendered":"<h2>Tesis doctoral de <strong> Angeles Marin Meseguer <\/strong><\/h2>\n<p>Se ha confecionado una tabla de valoracion del da\u00f1o ocular lo mas completa y logica posible, recogiendose los aspectos funcional, anatomico y estetico dentro de esta.  dentro del aspecto funcional, se valoran todas y cada una de las funciones que va a realizar el aparato visual.  dentro del aspecto anatomico, se recogen todas aquellas secuelas que van a suponer una perdida parcial o global de la anatomia de este organo. Y dentro del aspecto estetico, se recogen aquellas secuelas que van a alterar la norma fisionomia de los organos de la vision y anejos oculares.  una vez confeccionada ha sido aplicada diferentes supuestos practicos, no suponiendo su aplicacion un incremento importante en los porcentajes obtenidos, con respecto a los que resultan con los otros baremos, pero por el contrario si que supone una mejora en el sistema de valoracion de todo lesionado ocular, con respecto a las tablas actualmente existentes.<\/p>\n<p>&nbsp;<\/p>\n<h3>Datos acad\u00e9micos de la tesis doctoral \u00ab<strong>Dise\u00f1o de una escala multifactorial para la estimacion del da\u00f1o ocular en la valoracion del da\u00f1o.<\/strong>\u00ab<\/h3>\n<ul>\n<li><strong>T\u00edtulo de la tesis:<\/strong>\u00a0 Dise\u00f1o de una escala multifactorial para la estimacion del da\u00f1o ocular en la valoracion del da\u00f1o. <\/li>\n<li><strong>Autor:<\/strong>\u00a0 Angeles Marin Meseguer <\/li>\n<li><strong>Universidad:<\/strong>\u00a0 Murcia<\/li>\n<li><strong>Fecha de lectura de la tesis:<\/strong>\u00a0 01\/01\/1993<\/li>\n<\/ul>\n<p>&nbsp;<\/p>\n<h3>Direcci\u00f3n y tribunal<\/h3>\n<ul>\n<li><strong>Director de la tesis<\/strong>\n<ul>\n<li>Aurelio Luna Maldonado<\/li>\n<\/ul>\n<\/li>\n<li><strong>Tribunal<\/strong>\n<ul>\n<li>Presidente del tribunal: Juan  Bautista Marti Lloret <\/li>\n<li>Rafael Hinojal Fonseca (vocal)<\/li>\n<li>Jaime Miralles De Imperial Mora Figueroa (vocal)<\/li>\n<li>  (vocal)<\/li>\n<\/ul>\n<\/li>\n<\/ul>\n<p>&nbsp;<\/p>\n","protected":false},"excerpt":{"rendered":"<p>Tesis doctoral de Angeles Marin Meseguer Se ha confecionado una tabla de valoracion del da\u00f1o ocular lo mas completa y [&hellip;]<\/p>\n","protected":false},"author":1,"featured_media":0,"comment_status":"open","ping_status":"open","sticky":false,"template":"","format":"standard","meta":{"site-sidebar-layout":"default","site-content-layout":"","ast-site-content-layout":"","site-content-style":"default","site-sidebar-style":"default","ast-global-header-display":"","ast-banner-title-visibility":"","ast-main-header-display":"","ast-hfb-above-header-display":"","ast-hfb-below-header-display":"","ast-hfb-mobile-header-display":"","site-post-title":"","ast-breadcrumbs-content":"","ast-featured-img":"","footer-sml-layout":"","theme-transparent-header-meta":"","adv-header-id-meta":"","stick-header-meta":"","header-above-stick-meta":"","header-main-stick-meta":"","header-below-stick-meta":"","astra-migrate-meta-layouts":"default","ast-page-background-enabled":"default","ast-page-background-meta":{"desktop":{"background-color":"var(--ast-global-color-4)","background-image":"","background-repeat":"repeat","background-position":"center center","background-size":"auto","background-attachment":"scroll","background-type":"","background-media":"","overlay-type":"","overlay-color":"","overlay-gradient":""},"tablet":{"background-color":"","background-image":"","background-repeat":"repeat","background-position":"center center","background-size":"auto","background-attachment":"scroll","background-type":"","background-media":"","overlay-type":"","overlay-color":"","overlay-gradient":""},"mobile":{"background-color":"","background-image":"","background-repeat":"repeat","background-position":"center center","background-size":"auto","background-attachment":"scroll","background-type":"","background-media":"","overlay-type":"","overlay-color":"","overlay-gradient":""}},"ast-content-background-meta":{"desktop":{"background-color":"var(--ast-global-color-5)","background-image":"","background-repeat":"repeat","background-position":"center center","background-size":"auto","background-attachment":"scroll","background-type":"","background-media":"","overlay-type":"","overlay-color":"","overlay-gradient":""},"tablet":{"background-color":"var(--ast-global-color-5)","background-image":"","background-repeat":"repeat","background-position":"center center","background-size":"auto","background-attachment":"scroll","background-type":"","background-media":"","overlay-type":"","overlay-color":"","overlay-gradient":""},"mobile":{"background-color":"var(--ast-global-color-5)","background-image":"","background-repeat":"repeat","background-position":"center center","background-size":"auto","background-attachment":"scroll","background-type":"","background-media":"","overlay-type":"","overlay-color":"","overlay-gradient":""}},"footnotes":""},"categories":[155,9,968,8235,988],"tags":[258149,3274,8580,9372,8470],"class_list":["post-143416","post","type-post","status-publish","format-standard","hentry","category-ciencias-clinicas","category-ciencias-medicas","category-medicina-forense","category-murcia","category-oftalmologia","tag-angeles-marin-meseguer","tag-aurelio-luna-maldonado","tag-jaime-miralles-de-imperial-mora-figueroa","tag-juan-bautista-marti-lloret","tag-rafael-hinojal-fonseca"],"_links":{"self":[{"href":"https:\/\/www.deberes.net\/tesis\/wp-json\/wp\/v2\/posts\/143416","targetHints":{"allow":["GET"]}}],"collection":[{"href":"https:\/\/www.deberes.net\/tesis\/wp-json\/wp\/v2\/posts"}],"about":[{"href":"https:\/\/www.deberes.net\/tesis\/wp-json\/wp\/v2\/types\/post"}],"author":[{"embeddable":true,"href":"https:\/\/www.deberes.net\/tesis\/wp-json\/wp\/v2\/users\/1"}],"replies":[{"embeddable":true,"href":"https:\/\/www.deberes.net\/tesis\/wp-json\/wp\/v2\/comments?post=143416"}],"version-history":[{"count":0,"href":"https:\/\/www.deberes.net\/tesis\/wp-json\/wp\/v2\/posts\/143416\/revisions"}],"wp:attachment":[{"href":"https:\/\/www.deberes.net\/tesis\/wp-json\/wp\/v2\/media?parent=143416"}],"wp:term":[{"taxonomy":"category","embeddable":true,"href":"https:\/\/www.deberes.net\/tesis\/wp-json\/wp\/v2\/categories?post=143416"},{"taxonomy":"post_tag","embeddable":true,"href":"https:\/\/www.deberes.net\/tesis\/wp-json\/wp\/v2\/tags?post=143416"}],"curies":[{"name":"wp","href":"https:\/\/api.w.org\/{rel}","templated":true}]}}