{"id":14343,"date":"2001-10-12T00:00:00","date_gmt":"2001-10-12T00:00:00","guid":{"rendered":"https:\/\/www.deberes.net\/tesis\/sin-categoria\/modelo-y-gestion-del-capital-innovacion-en-las-empresas\/"},"modified":"2001-10-12T00:00:00","modified_gmt":"2001-10-12T00:00:00","slug":"modelo-y-gestion-del-capital-innovacion-en-las-empresas","status":"publish","type":"post","link":"https:\/\/www.deberes.net\/tesis\/ciencias-economicas\/modelo-y-gestion-del-capital-innovacion-en-las-empresas\/","title":{"rendered":"Modelo y gesti\u00f3n del capital innovaci\u00f3n en las empresas"},"content":{"rendered":"<h2>Tesis doctoral de <strong> Juan  Jos\u00e9 Go\u00f1i Zabala <\/strong><\/h2>\n<p>Ante el crecimiento en n\u00famero e intensidad de los cambios en el entorno econ\u00f3mico y social, las organizaciones se deben dotar de nuevas capacidades entre las que la capacidad de innovar es muy destacada. La tesis desarrolla un modelo para evaluar y gestionar la capacidad de adecuaci\u00f3n y cambio de las organizaciones, como medida de su capital innovaci\u00f3n. Este capital se asienta a trav\u00e9s de un modelo estructurado y personalizado sobre un conjunto de 75 pr\u00e1cticas de gesti\u00f3n. Este modelo recupera de otros existentes los elementos distintivos de los mecanismos de innovaci\u00f3n agrup\u00e1ndolos por procesos, grupos y factores de valor cuantificable en la capacidad de innovar.  el modelo permite adaptar pr\u00e1cticas rigurosas alrededor de la innovaci\u00f3n como capacidad organizativa y establece de qu\u00e9 forma aumentar estas capacidades en las empresas a lo largo de planes de despliegue de objetivos medibles por negocios, procesos y unidades organizativas.  palabras clave: innovaci\u00f3n, modelo, competencias, gesti\u00f3n, tecnolog\u00eda.<\/p>\n<p>&nbsp;<\/p>\n<h3>Datos acad\u00e9micos de la tesis doctoral \u00ab<strong>Modelo y gesti\u00f3n del capital innovaci\u00f3n en las empresas<\/strong>\u00ab<\/h3>\n<ul>\n<li><strong>T\u00edtulo de la tesis:<\/strong>\u00a0 Modelo y gesti\u00f3n del capital innovaci\u00f3n en las empresas <\/li>\n<li><strong>Autor:<\/strong>\u00a0 Juan  Jos\u00e9 Go\u00f1i Zabala <\/li>\n<li><strong>Universidad:<\/strong>\u00a0 Navarra<\/li>\n<li><strong>Fecha de lectura de la tesis:<\/strong>\u00a0 10\/12\/2001<\/li>\n<\/ul>\n<p>&nbsp;<\/p>\n<h3>Direcci\u00f3n y tribunal<\/h3>\n<ul>\n<li><strong>Director de la tesis<\/strong>\n<ul>\n<li>Mar\u00eda  Jes\u00fas Alvarez Sanchez Arjona<\/li>\n<\/ul>\n<\/li>\n<li><strong>Tribunal<\/strong>\n<ul>\n<li>Presidente del tribunal: Jos\u00e9 german Gimenez ortiz <\/li>\n<li>Javier Caama\u00f1o eraso (vocal)<\/li>\n<li> De zubillaga zugimendi Francisco Javier (vocal)<\/li>\n<li> Del ama gutierrez Carlos (vocal)<\/li>\n<\/ul>\n<\/li>\n<\/ul>\n<p>&nbsp;<\/p>\n","protected":false},"excerpt":{"rendered":"<p>Tesis doctoral de Juan Jos\u00e9 Go\u00f1i Zabala Ante el crecimiento en n\u00famero e intensidad de los cambios en el entorno [&hellip;]<\/p>\n","protected":false},"author":1,"featured_media":0,"comment_status":"open","ping_status":"open","sticky":false,"template":"","format":"standard","meta":{"site-sidebar-layout":"default","site-content-layout":"","ast-site-content-layout":"","site-content-style":"default","site-sidebar-style":"default","ast-global-header-display":"","ast-banner-title-visibility":"","ast-main-header-display":"","ast-hfb-above-header-display":"","ast-hfb-below-header-display":"","ast-hfb-mobile-header-display":"","site-post-title":"","ast-breadcrumbs-content":"","ast-featured-img":"","footer-sml-layout":"","theme-transparent-header-meta":"","adv-header-id-meta":"","stick-header-meta":"","header-above-stick-meta":"","header-main-stick-meta":"","header-below-stick-meta":"","astra-migrate-meta-layouts":"default","ast-page-background-enabled":"default","ast-page-background-meta":{"desktop":{"background-color":"var(--ast-global-color-4)","background-image":"","background-repeat":"repeat","background-position":"center center","background-size":"auto","background-attachment":"scroll","background-type":"","background-media":"","overlay-type":"","overlay-color":"","overlay-gradient":""},"tablet":{"background-color":"","background-image":"","background-repeat":"repeat","background-position":"center center","background-size":"auto","background-attachment":"scroll","background-type":"","background-media":"","overlay-type":"","overlay-color":"","overlay-gradient":""},"mobile":{"background-color":"","background-image":"","background-repeat":"repeat","background-position":"center center","background-size":"auto","background-attachment":"scroll","background-type":"","background-media":"","overlay-type":"","overlay-color":"","overlay-gradient":""}},"ast-content-background-meta":{"desktop":{"background-color":"var(--ast-global-color-5)","background-image":"","background-repeat":"repeat","background-position":"center center","background-size":"auto","background-attachment":"scroll","background-type":"","background-media":"","overlay-type":"","overlay-color":"","overlay-gradient":""},"tablet":{"background-color":"var(--ast-global-color-5)","background-image":"","background-repeat":"repeat","background-position":"center center","background-size":"auto","background-attachment":"scroll","background-type":"","background-media":"","overlay-type":"","overlay-color":"","overlay-gradient":""},"mobile":{"background-color":"var(--ast-global-color-5)","background-image":"","background-repeat":"repeat","background-position":"center center","background-size":"auto","background-attachment":"scroll","background-type":"","background-media":"","overlay-type":"","overlay-color":"","overlay-gradient":""}},"footnotes":""},"categories":[82,25738,836,991,17749,1302,24201],"tags":[46214,46215,32551,18008,46212,46213],"class_list":["post-14343","post","type-post","status-publish","format-standard","hentry","category-ciencias-economicas","category-economia-de-la-investigacion-y-del-desarrollo","category-economia-del-cambio-tecnologico","category-innovacion-tecnologica","category-navarra","category-organizacion-y-gestion-de-empresas","category-transferencia-de-tecnologia","tag-de-zubillaga-zugimendi-francisco-javier","tag-del-ama-gutierrez-carlos","tag-javier-caamano-eraso","tag-jose-german-gimenez-ortiz","tag-juan-jose-goni-zabala","tag-maria-jesus-alvarez-sanchez-arjona"],"_links":{"self":[{"href":"https:\/\/www.deberes.net\/tesis\/wp-json\/wp\/v2\/posts\/14343","targetHints":{"allow":["GET"]}}],"collection":[{"href":"https:\/\/www.deberes.net\/tesis\/wp-json\/wp\/v2\/posts"}],"about":[{"href":"https:\/\/www.deberes.net\/tesis\/wp-json\/wp\/v2\/types\/post"}],"author":[{"embeddable":true,"href":"https:\/\/www.deberes.net\/tesis\/wp-json\/wp\/v2\/users\/1"}],"replies":[{"embeddable":true,"href":"https:\/\/www.deberes.net\/tesis\/wp-json\/wp\/v2\/comments?post=14343"}],"version-history":[{"count":0,"href":"https:\/\/www.deberes.net\/tesis\/wp-json\/wp\/v2\/posts\/14343\/revisions"}],"wp:attachment":[{"href":"https:\/\/www.deberes.net\/tesis\/wp-json\/wp\/v2\/media?parent=14343"}],"wp:term":[{"taxonomy":"category","embeddable":true,"href":"https:\/\/www.deberes.net\/tesis\/wp-json\/wp\/v2\/categories?post=14343"},{"taxonomy":"post_tag","embeddable":true,"href":"https:\/\/www.deberes.net\/tesis\/wp-json\/wp\/v2\/tags?post=14343"}],"curies":[{"name":"wp","href":"https:\/\/api.w.org\/{rel}","templated":true}]}}