{"id":143474,"date":"1993-01-01T00:00:00","date_gmt":"1993-01-01T00:00:00","guid":{"rendered":"https:\/\/www.deberes.net\/tesis\/sin-categoria\/vida-y-literatura-de-antonio-de-hoyos-y-vinent\/"},"modified":"1993-01-01T00:00:00","modified_gmt":"1993-01-01T00:00:00","slug":"vida-y-literatura-de-antonio-de-hoyos-y-vinent","status":"publish","type":"post","link":"https:\/\/www.deberes.net\/tesis\/historia\/vida-y-literatura-de-antonio-de-hoyos-y-vinent\/","title":{"rendered":"\u00abvida y literatura de antonio de hoyos y vinent\u00bb."},"content":{"rendered":"<h2>Tesis doctoral de <strong> Carmen Alfonso Garcia <\/strong><\/h2>\n<p>El objetivo de este trabajo ha sido el estudio de la vida y la obra del escritor antonio de hoyos y vinent (Madrid,?1884?-1940). La primera parte del mismo intenta la reconstruccion de la trayectoria existencial del autor, asi como una descripcion de su personalidad, caracterizada por la rebeldia dandi y esteticista que definio uno de los extremos de la cultura finisecular.  con el fin de demostrar la intensa relacion que une la biografia y la creacion de hoyos, la segunda parte se dedica al examen de un personaje llamado julito calabres, alter ego del novelista, presente en muchas de sus narraciones, y de otros trasuntos en los que aquel se reflejo.  la tercera y ultima parte se centra en el analisis, sobre todo tematico, de la produccion del marques de vinent (principalmente sus novelas y cuentos), atendiendo a las diversas etapas que en ella se pueden distinguir : 1903-1909 (con predominio de la literatura de \u00abescandalo aristocratico\u00bb); 1910-1924\/25 (ciclo erotico) y 1924\/25-1940 (ciclo ideologico).  cierran la tesis un apendice donde se recogen textos poco conocidos de y sobre el literato y una bibliografia integrada por cuatro apartados: bibliografia del escritor, bibliografia sobre el escritor, referencias al autor en obras de creacion y una bibliografia general.<\/p>\n<p>&nbsp;<\/p>\n<h3>Datos acad\u00e9micos de la tesis doctoral \u00ab<strong>\u00abvida y literatura de antonio de hoyos y vinent\u00bb.<\/strong>\u00ab<\/h3>\n<ul>\n<li><strong>T\u00edtulo de la tesis:<\/strong>\u00a0 \u00abvida y literatura de antonio de hoyos y vinent\u00bb. <\/li>\n<li><strong>Autor:<\/strong>\u00a0 Carmen Alfonso Garcia <\/li>\n<li><strong>Universidad:<\/strong>\u00a0 Oviedo<\/li>\n<li><strong>Fecha de lectura de la tesis:<\/strong>\u00a0 01\/01\/1993<\/li>\n<\/ul>\n<p>&nbsp;<\/p>\n<h3>Direcci\u00f3n y tribunal<\/h3>\n<ul>\n<li><strong>Director de la tesis<\/strong>\n<ul>\n<li>Jos\u00e9 Mar\u00eda Mart\u00ednez Cachero<\/li>\n<\/ul>\n<\/li>\n<li><strong>Tribunal<\/strong>\n<ul>\n<li>Presidente del tribunal:  Gonzalez Herran Jos\u00e9 Manuel <\/li>\n<li>Ricardo De La Fuente Ballesteros (vocal)<\/li>\n<li>Miguel Angel Lozano Marco (vocal)<\/li>\n<li>Antonio Fern\u00e1ndez Insuela (vocal)<\/li>\n<\/ul>\n<\/li>\n<\/ul>\n<p>&nbsp;<\/p>\n","protected":false},"excerpt":{"rendered":"<p>Tesis doctoral de Carmen Alfonso Garcia El objetivo de este trabajo ha sido el estudio de la vida y la [&hellip;]<\/p>\n","protected":false},"author":1,"featured_media":0,"comment_status":"open","ping_status":"open","sticky":false,"template":"","format":"standard","meta":{"site-sidebar-layout":"default","site-content-layout":"","ast-site-content-layout":"","site-content-style":"default","site-sidebar-style":"default","ast-global-header-display":"","ast-banner-title-visibility":"","ast-main-header-display":"","ast-hfb-above-header-display":"","ast-hfb-below-header-display":"","ast-hfb-mobile-header-display":"","site-post-title":"","ast-breadcrumbs-content":"","ast-featured-img":"","footer-sml-layout":"","theme-transparent-header-meta":"","adv-header-id-meta":"","stick-header-meta":"","header-above-stick-meta":"","header-main-stick-meta":"","header-below-stick-meta":"","astra-migrate-meta-layouts":"default","ast-page-background-enabled":"default","ast-page-background-meta":{"desktop":{"background-color":"var(--ast-global-color-4)","background-image":"","background-repeat":"repeat","background-position":"center center","background-size":"auto","background-attachment":"scroll","background-type":"","background-media":"","overlay-type":"","overlay-color":"","overlay-gradient":""},"tablet":{"background-color":"","background-image":"","background-repeat":"repeat","background-position":"center center","background-size":"auto","background-attachment":"scroll","background-type":"","background-media":"","overlay-type":"","overlay-color":"","overlay-gradient":""},"mobile":{"background-color":"","background-image":"","background-repeat":"repeat","background-position":"center center","background-size":"auto","background-attachment":"scroll","background-type":"","background-media":"","overlay-type":"","overlay-color":"","overlay-gradient":""}},"ast-content-background-meta":{"desktop":{"background-color":"var(--ast-global-color-5)","background-image":"","background-repeat":"repeat","background-position":"center center","background-size":"auto","background-attachment":"scroll","background-type":"","background-media":"","overlay-type":"","overlay-color":"","overlay-gradient":""},"tablet":{"background-color":"var(--ast-global-color-5)","background-image":"","background-repeat":"repeat","background-position":"center center","background-size":"auto","background-attachment":"scroll","background-type":"","background-media":"","overlay-type":"","overlay-color":"","overlay-gradient":""},"mobile":{"background-color":"var(--ast-global-color-5)","background-image":"","background-repeat":"repeat","background-position":"center center","background-size":"auto","background-attachment":"scroll","background-type":"","background-media":"","overlay-type":"","overlay-color":"","overlay-gradient":""}},"footnotes":""},"categories":[954,104,713,222,8846],"tags":[9273,258199,3333,6869,5034,23564],"class_list":["post-143474","post","type-post","status-publish","format-standard","hentry","category-biografias","category-historia","category-historia-de-la-literatura","category-historias-especializadas","category-oviedo","tag-antonio-fernandez-insuela","tag-carmen-alfonso-garcia","tag-gonzalez-herran-jose-manuel","tag-jose-maria-Martinez-cachero","tag-miguel-angel-lozano-marco","tag-ricardo-de-la-fuente-ballesteros"],"_links":{"self":[{"href":"https:\/\/www.deberes.net\/tesis\/wp-json\/wp\/v2\/posts\/143474","targetHints":{"allow":["GET"]}}],"collection":[{"href":"https:\/\/www.deberes.net\/tesis\/wp-json\/wp\/v2\/posts"}],"about":[{"href":"https:\/\/www.deberes.net\/tesis\/wp-json\/wp\/v2\/types\/post"}],"author":[{"embeddable":true,"href":"https:\/\/www.deberes.net\/tesis\/wp-json\/wp\/v2\/users\/1"}],"replies":[{"embeddable":true,"href":"https:\/\/www.deberes.net\/tesis\/wp-json\/wp\/v2\/comments?post=143474"}],"version-history":[{"count":0,"href":"https:\/\/www.deberes.net\/tesis\/wp-json\/wp\/v2\/posts\/143474\/revisions"}],"wp:attachment":[{"href":"https:\/\/www.deberes.net\/tesis\/wp-json\/wp\/v2\/media?parent=143474"}],"wp:term":[{"taxonomy":"category","embeddable":true,"href":"https:\/\/www.deberes.net\/tesis\/wp-json\/wp\/v2\/categories?post=143474"},{"taxonomy":"post_tag","embeddable":true,"href":"https:\/\/www.deberes.net\/tesis\/wp-json\/wp\/v2\/tags?post=143474"}],"curies":[{"name":"wp","href":"https:\/\/api.w.org\/{rel}","templated":true}]}}