{"id":14348,"date":"2001-10-12T00:00:00","date_gmt":"2001-10-12T00:00:00","guid":{"rendered":"https:\/\/www.deberes.net\/tesis\/sin-categoria\/el-lugar-del-silencio-en-el-proceso-de-la-comunicacion\/"},"modified":"2001-10-12T00:00:00","modified_gmt":"2001-10-12T00:00:00","slug":"el-lugar-del-silencio-en-el-proceso-de-la-comunicacion","status":"publish","type":"post","link":"https:\/\/www.deberes.net\/tesis\/linguistica\/el-lugar-del-silencio-en-el-proceso-de-la-comunicacion\/","title":{"rendered":"El lugar del silencio en el proceso de la comunicaci\u00f3n"},"content":{"rendered":"<h2>Tesis doctoral de <strong> Rosa M\u00aa Mateu Serra <\/strong><\/h2>\n<p>El objetivo de esta tesis es situar el lugar del silencio en el proceso de la comunicaci\u00f3n, partiendo de la convicci\u00f3n inicial de que su misma naturaleza contradictoria en el habla pero a la vez inherente a ella, necesita un especial an\u00e1lisis desde una teor\u00eda general de la comunicaci\u00f3n.  palabra y silencio se explican como conceptos no opuestos, sino necesarios rec\u00edprocamente. La naturaleza fronteriza del silencio entre el mundo de la comunicaci\u00f3n verbal y no verbal, as\u00ed como su car\u00e1cter no lineal, heterog\u00e9neo y complejo, explica el enfoque interdisciplinar que predomina en esta tesis, el cual partiendo de los presupuestos te\u00f3ricos propios de la teor\u00eda de la comunicaci\u00f3n y la pragm\u00e1tica, especialmente, hace hincapi\u00e9 asimismo en su concepci\u00f3n en diferentes espacios del saber, desde el mundo literario o la religi\u00f3n al mundo de las artes, teniendo en cuenta cuestiones terminol\u00f3gicas o la relatividad cultural a la que el silencio est\u00e1 sometido.  la creciente cantidad de tipolog\u00edas y funciones atribuidas al silencio demuestra que es un espacio operativo e interiorizado por los hablantes, por lo que una sistematizaci\u00f3n, subordinada al an\u00e1lisis contextual, no puede ser ajena al futuro de la ling\u00ed\u00bc\u00edstica.<\/p>\n<p>&nbsp;<\/p>\n<h3>Datos acad\u00e9micos de la tesis doctoral \u00ab<strong>El lugar del silencio en el proceso de la comunicaci\u00f3n<\/strong>\u00ab<\/h3>\n<ul>\n<li><strong>T\u00edtulo de la tesis:<\/strong>\u00a0 El lugar del silencio en el proceso de la comunicaci\u00f3n <\/li>\n<li><strong>Autor:<\/strong>\u00a0 Rosa M\u00aa Mateu Serra <\/li>\n<li><strong>Universidad:<\/strong>\u00a0 Lleida<\/li>\n<li><strong>Fecha de lectura de la tesis:<\/strong>\u00a0 10\/12\/2001<\/li>\n<\/ul>\n<p>&nbsp;<\/p>\n<h3>Direcci\u00f3n y tribunal<\/h3>\n<ul>\n<li><strong>Director de la tesis<\/strong>\n<ul>\n<li>Sebastia Serrano Farrera<\/li>\n<\/ul>\n<\/li>\n<li><strong>Tribunal<\/strong>\n<ul>\n<li>Presidente del tribunal: Marta Gine janer <\/li>\n<li>xavier Laborda (vocal)<\/li>\n<li>Luis Santos r\u00edo (vocal)<\/li>\n<li>xabier Falc\u00f3n ormaz\u00e1bal (vocal)<\/li>\n<\/ul>\n<\/li>\n<\/ul>\n<p>&nbsp;<\/p>\n","protected":false},"excerpt":{"rendered":"<p>Tesis doctoral de Rosa M\u00aa Mateu Serra El objetivo de esta tesis es situar el lugar del silencio en el [&hellip;]<\/p>\n","protected":false},"author":1,"featured_media":0,"comment_status":"open","ping_status":"open","sticky":false,"template":"","format":"standard","meta":{"site-sidebar-layout":"default","site-content-layout":"","ast-site-content-layout":"","site-content-style":"default","site-sidebar-style":"default","ast-global-header-display":"","ast-banner-title-visibility":"","ast-main-header-display":"","ast-hfb-above-header-display":"","ast-hfb-below-header-display":"","ast-hfb-mobile-header-display":"","site-post-title":"","ast-breadcrumbs-content":"","ast-featured-img":"","footer-sml-layout":"","theme-transparent-header-meta":"","adv-header-id-meta":"","stick-header-meta":"","header-above-stick-meta":"","header-main-stick-meta":"","header-below-stick-meta":"","astra-migrate-meta-layouts":"default","ast-page-background-enabled":"default","ast-page-background-meta":{"desktop":{"background-color":"var(--ast-global-color-4)","background-image":"","background-repeat":"repeat","background-position":"center center","background-size":"auto","background-attachment":"scroll","background-type":"","background-media":"","overlay-type":"","overlay-color":"","overlay-gradient":""},"tablet":{"background-color":"","background-image":"","background-repeat":"repeat","background-position":"center center","background-size":"auto","background-attachment":"scroll","background-type":"","background-media":"","overlay-type":"","overlay-color":"","overlay-gradient":""},"mobile":{"background-color":"","background-image":"","background-repeat":"repeat","background-position":"center center","background-size":"auto","background-attachment":"scroll","background-type":"","background-media":"","overlay-type":"","overlay-color":"","overlay-gradient":""}},"ast-content-background-meta":{"desktop":{"background-color":"var(--ast-global-color-5)","background-image":"","background-repeat":"repeat","background-position":"center center","background-size":"auto","background-attachment":"scroll","background-type":"","background-media":"","overlay-type":"","overlay-color":"","overlay-gradient":""},"tablet":{"background-color":"var(--ast-global-color-5)","background-image":"","background-repeat":"repeat","background-position":"center center","background-size":"auto","background-attachment":"scroll","background-type":"","background-media":"","overlay-type":"","overlay-color":"","overlay-gradient":""},"mobile":{"background-color":"var(--ast-global-color-5)","background-image":"","background-repeat":"repeat","background-position":"center center","background-size":"auto","background-attachment":"scroll","background-type":"","background-media":"","overlay-type":"","overlay-color":"","overlay-gradient":""}},"footnotes":""},"categories":[636,59,60,62,18842,980],"tags":[22552,46227,46226,19172,46229,46228],"class_list":["post-14348","post","type-post","status-publish","format-standard","hentry","category-lengua-y-literatura","category-linguistica","category-linguistica-aplicada","category-linguistica-sincronica","category-lleida","category-semiologia","tag-luis-santos-rio","tag-marta-gine-janer","tag-rosa-ma-mateu-serra","tag-sebastia-serrano-farrera","tag-xabier-falcon-ormazabal","tag-xavier-laborda"],"_links":{"self":[{"href":"https:\/\/www.deberes.net\/tesis\/wp-json\/wp\/v2\/posts\/14348","targetHints":{"allow":["GET"]}}],"collection":[{"href":"https:\/\/www.deberes.net\/tesis\/wp-json\/wp\/v2\/posts"}],"about":[{"href":"https:\/\/www.deberes.net\/tesis\/wp-json\/wp\/v2\/types\/post"}],"author":[{"embeddable":true,"href":"https:\/\/www.deberes.net\/tesis\/wp-json\/wp\/v2\/users\/1"}],"replies":[{"embeddable":true,"href":"https:\/\/www.deberes.net\/tesis\/wp-json\/wp\/v2\/comments?post=14348"}],"version-history":[{"count":0,"href":"https:\/\/www.deberes.net\/tesis\/wp-json\/wp\/v2\/posts\/14348\/revisions"}],"wp:attachment":[{"href":"https:\/\/www.deberes.net\/tesis\/wp-json\/wp\/v2\/media?parent=14348"}],"wp:term":[{"taxonomy":"category","embeddable":true,"href":"https:\/\/www.deberes.net\/tesis\/wp-json\/wp\/v2\/categories?post=14348"},{"taxonomy":"post_tag","embeddable":true,"href":"https:\/\/www.deberes.net\/tesis\/wp-json\/wp\/v2\/tags?post=14348"}],"curies":[{"name":"wp","href":"https:\/\/api.w.org\/{rel}","templated":true}]}}