{"id":143507,"date":"1993-01-01T00:00:00","date_gmt":"1993-01-01T00:00:00","guid":{"rendered":"https:\/\/www.deberes.net\/tesis\/sin-categoria\/aplicaciones-de-los-modelos-digitales-del-terreno-en-las-ciencias-ambientales\/"},"modified":"1993-01-01T00:00:00","modified_gmt":"1993-01-01T00:00:00","slug":"aplicaciones-de-los-modelos-digitales-del-terreno-en-las-ciencias-ambientales","status":"publish","type":"post","link":"https:\/\/www.deberes.net\/tesis\/ciencias-de-la-tierra-y-del-espacio\/aplicaciones-de-los-modelos-digitales-del-terreno-en-las-ciencias-ambientales\/","title":{"rendered":"Aplicaciones de los modelos digitales del terreno en las ciencias ambientales."},"content":{"rendered":"<h2>Tesis doctoral de <strong> \u00e1ngel Manuel Felic\u00edsimo P\u00e9rez <\/strong><\/h2>\n<p>Se exponen las nuevas vias de investigacion abiertas por los modelos digitales del terreno en las ciencias ambientales, debidas a la posibilidad de modelizacion y tratamiento numerico de la informacion. Se describe y analiza la creacion de los modelos proponiendo un nuevo metodo de deteccion de errores, asi como algoritmos para el control de calidad. Se proponen metodos para realizar aplicaciones concretas en geomorfolog\u00eda y microclimatolog\u00eda. En todos los casos se exponen las bases metodologicas y se desarrollan algoritmos para la ejecucion de las aplicaciones, entre las cuales destacan la caracterizacion del relieve, evaluacion de cuencas visuales, analisis de la red hidrologica, elaboracion de modelos de reflectancia y estimacion de la insolacion sobre el terreno. Se proponen algunos conceptos nuevos como el de modelo digital multivariable, de utilidad para la ejecucion de operaciones de clasificacion de formas del relieve.<\/p>\n<p>&nbsp;<\/p>\n<h3>Datos acad\u00e9micos de la tesis doctoral \u00ab<strong>Aplicaciones de los modelos digitales del terreno en las ciencias ambientales.<\/strong>\u00ab<\/h3>\n<ul>\n<li><strong>T\u00edtulo de la tesis:<\/strong>\u00a0 Aplicaciones de los modelos digitales del terreno en las ciencias ambientales. <\/li>\n<li><strong>Autor:<\/strong>\u00a0 \u00e1ngel Manuel Felic\u00edsimo P\u00e9rez <\/li>\n<li><strong>Universidad:<\/strong>\u00a0 Oviedo<\/li>\n<li><strong>Fecha de lectura de la tesis:<\/strong>\u00a0 01\/01\/1993<\/li>\n<\/ul>\n<p>&nbsp;<\/p>\n<h3>Direcci\u00f3n y tribunal<\/h3>\n<ul>\n<li><strong>Director de la tesis<\/strong>\n<ul>\n<li> Alvarez Garcia Miguel Angel<\/li>\n<\/ul>\n<\/li>\n<li><strong>Tribunal<\/strong>\n<ul>\n<li>Presidente del tribunal: Jordi Corominas Dulcet <\/li>\n<li>Javier Alvarez Pulgar (vocal)<\/li>\n<li>Carlos Tomas Lopez De Pablo (vocal)<\/li>\n<li>Joaqu\u00edn Ordieres Mer\u00e9 (vocal)<\/li>\n<\/ul>\n<\/li>\n<\/ul>\n<p>&nbsp;<\/p>\n","protected":false},"excerpt":{"rendered":"<p>Tesis doctoral de \u00e1ngel Manuel Felic\u00edsimo P\u00e9rez Se exponen las nuevas vias de investigacion abiertas por los modelos digitales del [&hellip;]<\/p>\n","protected":false},"author":1,"featured_media":0,"comment_status":"open","ping_status":"open","sticky":false,"template":"","format":"standard","meta":{"site-sidebar-layout":"default","site-content-layout":"","ast-site-content-layout":"","site-content-style":"default","site-sidebar-style":"default","ast-global-header-display":"","ast-banner-title-visibility":"","ast-main-header-display":"","ast-hfb-above-header-display":"","ast-hfb-below-header-display":"","ast-hfb-mobile-header-display":"","site-post-title":"","ast-breadcrumbs-content":"","ast-featured-img":"","footer-sml-layout":"","theme-transparent-header-meta":"","adv-header-id-meta":"","stick-header-meta":"","header-above-stick-meta":"","header-main-stick-meta":"","header-below-stick-meta":"","astra-migrate-meta-layouts":"default","ast-page-background-enabled":"default","ast-page-background-meta":{"desktop":{"background-color":"var(--ast-global-color-4)","background-image":"","background-repeat":"repeat","background-position":"center center","background-size":"auto","background-attachment":"scroll","background-type":"","background-media":"","overlay-type":"","overlay-color":"","overlay-gradient":""},"tablet":{"background-color":"","background-image":"","background-repeat":"repeat","background-position":"center center","background-size":"auto","background-attachment":"scroll","background-type":"","background-media":"","overlay-type":"","overlay-color":"","overlay-gradient":""},"mobile":{"background-color":"","background-image":"","background-repeat":"repeat","background-position":"center center","background-size":"auto","background-attachment":"scroll","background-type":"","background-media":"","overlay-type":"","overlay-color":"","overlay-gradient":""}},"ast-content-background-meta":{"desktop":{"background-color":"var(--ast-global-color-5)","background-image":"","background-repeat":"repeat","background-position":"center center","background-size":"auto","background-attachment":"scroll","background-type":"","background-media":"","overlay-type":"","overlay-color":"","overlay-gradient":""},"tablet":{"background-color":"var(--ast-global-color-5)","background-image":"","background-repeat":"repeat","background-position":"center center","background-size":"auto","background-attachment":"scroll","background-type":"","background-media":"","overlay-type":"","overlay-color":"","overlay-gradient":""},"mobile":{"background-color":"var(--ast-global-color-5)","background-image":"","background-repeat":"repeat","background-position":"center center","background-size":"auto","background-attachment":"scroll","background-type":"","background-media":"","overlay-type":"","overlay-color":"","overlay-gradient":""}},"footnotes":""},"categories":[27,4329,12364,953,75,8846],"tags":[4443,79231,154412,127809,37522,22041],"class_list":["post-143507","post","type-post","status-publish","format-standard","hentry","category-ciencias-de-la-tierra-y-del-espacio","category-climatologia","category-climatologia-aplicada","category-geologia","category-geomorfologia","category-oviedo","tag-alvarez-garcia-miguel-angel","tag-angel-manuel-felicisimo-perez","tag-carlos-tomas-lopez-de-pablo","tag-javier-alvarez-pulgar","tag-joaquin-ordieres-mere","tag-jordi-corominas-dulcet"],"_links":{"self":[{"href":"https:\/\/www.deberes.net\/tesis\/wp-json\/wp\/v2\/posts\/143507","targetHints":{"allow":["GET"]}}],"collection":[{"href":"https:\/\/www.deberes.net\/tesis\/wp-json\/wp\/v2\/posts"}],"about":[{"href":"https:\/\/www.deberes.net\/tesis\/wp-json\/wp\/v2\/types\/post"}],"author":[{"embeddable":true,"href":"https:\/\/www.deberes.net\/tesis\/wp-json\/wp\/v2\/users\/1"}],"replies":[{"embeddable":true,"href":"https:\/\/www.deberes.net\/tesis\/wp-json\/wp\/v2\/comments?post=143507"}],"version-history":[{"count":0,"href":"https:\/\/www.deberes.net\/tesis\/wp-json\/wp\/v2\/posts\/143507\/revisions"}],"wp:attachment":[{"href":"https:\/\/www.deberes.net\/tesis\/wp-json\/wp\/v2\/media?parent=143507"}],"wp:term":[{"taxonomy":"category","embeddable":true,"href":"https:\/\/www.deberes.net\/tesis\/wp-json\/wp\/v2\/categories?post=143507"},{"taxonomy":"post_tag","embeddable":true,"href":"https:\/\/www.deberes.net\/tesis\/wp-json\/wp\/v2\/tags?post=143507"}],"curies":[{"name":"wp","href":"https:\/\/api.w.org\/{rel}","templated":true}]}}