{"id":143568,"date":"1993-01-01T00:00:00","date_gmt":"1993-01-01T00:00:00","guid":{"rendered":"https:\/\/www.deberes.net\/tesis\/sin-categoria\/la-relacion-de-trabajo-especial-de-alta-direccion\/"},"modified":"1993-01-01T00:00:00","modified_gmt":"1993-01-01T00:00:00","slug":"la-relacion-de-trabajo-especial-de-alta-direccion","status":"publish","type":"post","link":"https:\/\/www.deberes.net\/tesis\/ciencias-economicas\/la-relacion-de-trabajo-especial-de-alta-direccion\/","title":{"rendered":"La relacion de trabajo especial de alta direccion"},"content":{"rendered":"<h2>Tesis doctoral de <strong> Carolina Mart\u00ednez Moreno <\/strong><\/h2>\n<p>El trabajo de alta direccion ha estado excluido de la normativa laboral hasta epoca reciente debido, sobre todo, a su especial situacion o encuadramiento en la empresa y tambien a la peculiar relacion existente entre el alto directivo y el titular de la empresa guiada por la reciproca confianza. Tras varios intentos, el estatuto de los trabajadores de 1980 ha otorgado al personal de alta direccion la consideracion de trabajador asalariado, aunque como relacion laboral especial, que ha sido regulada en virtud del rd 1382\/1985, de 1 de agosto.  con el fin de delimitar el ambito de aplicacion, esta norma incorpora un concepto de alto directivo caracterizado por el ejercicio de poderes inherentes a la titularidad juridica de la empresa, con autonomia y plena responsabilidad; este concepto contiene, por tanto, elementos cuyo sentido resulta dificil de determinar y que, en la mayoria de los casos, son de problematica aplicacion.  el principal objetivo de esta tesis doctoral es el analisis de este concepto legal, prestando especial atencion a las notas de la autonomia y la especial confianza, y con el proposito a\u00f1adido de clarificar y resolver, en los casos en que ello sea necesario los problemas de interpretacion y aplicacion del peculiar regimen juridico de esta relacion, desde la seleccion del personal y la celebracion del contrato, hasta su extincion.<\/p>\n<p>&nbsp;<\/p>\n<h3>Datos acad\u00e9micos de la tesis doctoral \u00ab<strong>La relacion de trabajo especial de alta direccion<\/strong>\u00ab<\/h3>\n<ul>\n<li><strong>T\u00edtulo de la tesis:<\/strong>\u00a0 La relacion de trabajo especial de alta direccion <\/li>\n<li><strong>Autor:<\/strong>\u00a0 Carolina Mart\u00ednez Moreno <\/li>\n<li><strong>Universidad:<\/strong>\u00a0 Oviedo<\/li>\n<li><strong>Fecha de lectura de la tesis:<\/strong>\u00a0 01\/01\/1993<\/li>\n<\/ul>\n<p>&nbsp;<\/p>\n<h3>Direcci\u00f3n y tribunal<\/h3>\n<ul>\n<li><strong>Director de la tesis<\/strong>\n<ul>\n<li>Joaquin Garc\u00eda Murcia<\/li>\n<\/ul>\n<\/li>\n<li><strong>Tribunal<\/strong>\n<ul>\n<li>Presidente del tribunal: Antonio Martin Valverde <\/li>\n<li>Fernando Valdes Dal-re (vocal)<\/li>\n<li>Jos\u00e9 M. Mu\u00f1oz Mart\u00ednez-planas (vocal)<\/li>\n<li>Federico Dur\u00e1n L\u00f3pez (vocal)<\/li>\n<\/ul>\n<\/li>\n<\/ul>\n<p>&nbsp;<\/p>\n","protected":false},"excerpt":{"rendered":"<p>Tesis doctoral de Carolina Mart\u00ednez Moreno El trabajo de alta direccion ha estado excluido de la normativa laboral hasta epoca [&hellip;]<\/p>\n","protected":false},"author":1,"featured_media":0,"comment_status":"open","ping_status":"open","sticky":false,"template":"","format":"standard","meta":{"site-sidebar-layout":"default","site-content-layout":"","ast-site-content-layout":"","site-content-style":"default","site-sidebar-style":"default","ast-global-header-display":"","ast-banner-title-visibility":"","ast-main-header-display":"","ast-hfb-above-header-display":"","ast-hfb-below-header-display":"","ast-hfb-mobile-header-display":"","site-post-title":"","ast-breadcrumbs-content":"","ast-featured-img":"","footer-sml-layout":"","theme-transparent-header-meta":"","adv-header-id-meta":"","stick-header-meta":"","header-above-stick-meta":"","header-main-stick-meta":"","header-below-stick-meta":"","astra-migrate-meta-layouts":"default","ast-page-background-enabled":"default","ast-page-background-meta":{"desktop":{"background-color":"var(--ast-global-color-4)","background-image":"","background-repeat":"repeat","background-position":"center center","background-size":"auto","background-attachment":"scroll","background-type":"","background-media":"","overlay-type":"","overlay-color":"","overlay-gradient":""},"tablet":{"background-color":"","background-image":"","background-repeat":"repeat","background-position":"center center","background-size":"auto","background-attachment":"scroll","background-type":"","background-media":"","overlay-type":"","overlay-color":"","overlay-gradient":""},"mobile":{"background-color":"","background-image":"","background-repeat":"repeat","background-position":"center center","background-size":"auto","background-attachment":"scroll","background-type":"","background-media":"","overlay-type":"","overlay-color":"","overlay-gradient":""}},"ast-content-background-meta":{"desktop":{"background-color":"var(--ast-global-color-5)","background-image":"","background-repeat":"repeat","background-position":"center center","background-size":"auto","background-attachment":"scroll","background-type":"","background-media":"","overlay-type":"","overlay-color":"","overlay-gradient":""},"tablet":{"background-color":"var(--ast-global-color-5)","background-image":"","background-repeat":"repeat","background-position":"center center","background-size":"auto","background-attachment":"scroll","background-type":"","background-media":"","overlay-type":"","overlay-color":"","overlay-gradient":""},"mobile":{"background-color":"var(--ast-global-color-5)","background-image":"","background-repeat":"repeat","background-position":"center center","background-size":"auto","background-attachment":"scroll","background-type":"","background-media":"","overlay-type":"","overlay-color":"","overlay-gradient":""}},"footnotes":""},"categories":[82,612,2170,979,1302,8846],"tags":[11489,9373,2172,4718,32506,113860],"class_list":["post-143568","post","type-post","status-publish","format-standard","hentry","category-ciencias-economicas","category-ciencias-juridicas-y-derecho","category-derecho-del-trabajo-y-de-la-seguridad-social","category-derecho-y-legislacion-nacionales","category-organizacion-y-gestion-de-empresas","category-oviedo","tag-antonio-martin-valverde","tag-carolina-Martinez-moreno","tag-federico-duran-lopez","tag-fernando-valdes-dal-re","tag-joaquin-garcia-murcia","tag-jose-m-munoz-Martinez-planas"],"_links":{"self":[{"href":"https:\/\/www.deberes.net\/tesis\/wp-json\/wp\/v2\/posts\/143568","targetHints":{"allow":["GET"]}}],"collection":[{"href":"https:\/\/www.deberes.net\/tesis\/wp-json\/wp\/v2\/posts"}],"about":[{"href":"https:\/\/www.deberes.net\/tesis\/wp-json\/wp\/v2\/types\/post"}],"author":[{"embeddable":true,"href":"https:\/\/www.deberes.net\/tesis\/wp-json\/wp\/v2\/users\/1"}],"replies":[{"embeddable":true,"href":"https:\/\/www.deberes.net\/tesis\/wp-json\/wp\/v2\/comments?post=143568"}],"version-history":[{"count":0,"href":"https:\/\/www.deberes.net\/tesis\/wp-json\/wp\/v2\/posts\/143568\/revisions"}],"wp:attachment":[{"href":"https:\/\/www.deberes.net\/tesis\/wp-json\/wp\/v2\/media?parent=143568"}],"wp:term":[{"taxonomy":"category","embeddable":true,"href":"https:\/\/www.deberes.net\/tesis\/wp-json\/wp\/v2\/categories?post=143568"},{"taxonomy":"post_tag","embeddable":true,"href":"https:\/\/www.deberes.net\/tesis\/wp-json\/wp\/v2\/tags?post=143568"}],"curies":[{"name":"wp","href":"https:\/\/api.w.org\/{rel}","templated":true}]}}