{"id":143572,"date":"1993-01-01T00:00:00","date_gmt":"1993-01-01T00:00:00","guid":{"rendered":"https:\/\/www.deberes.net\/tesis\/sin-categoria\/ejecucion-y-tutela-judicial-especial-referencia-al-embargo\/"},"modified":"1993-01-01T00:00:00","modified_gmt":"1993-01-01T00:00:00","slug":"ejecucion-y-tutela-judicial-especial-referencia-al-embargo","status":"publish","type":"post","link":"https:\/\/www.deberes.net\/tesis\/ciencias-juridicas-y-derecho\/ejecucion-y-tutela-judicial-especial-referencia-al-embargo\/","title":{"rendered":"\u00abejecucion y tutela judicial. especial referencia al embargo\u00bb."},"content":{"rendered":"<h2>Tesis doctoral de <strong> Ilda Mendel Lopez <\/strong><\/h2>\n<p>El trabajo se presenta dividido en dos partes, a saber:  la parte primera, titulada \u00ab\u00bbejecucion y tutela judicial, en la que se analizan diversos aspectos generales relativos al proceso de ejecucion, como son sus principios, fuentes, organos y partes; igualmente, se analizan las diversas causas de ineficacia del proceso de ejecucion y se aportan distintas soluciones para paliarla, y se examinan, por ultimo, las diversas implicaciones constitucionales que el derecho a la tutela judicial efectiva impone en el ambito de la ejecucion. En la parte segunda, titulada \u00ab\u00bbespecial referencia al embargo\u00bb\u00bb se estudian diversos aspectos relativos a este concreto ejecutivo, iniciando su planteamiento por los diversos aspectos genericos del mismo, como son su concepto, efectos y estructura, para pasar al analisis y desarrollo de su genesis, relacion de bienes embargables e inembargables y el acto practico del embargo, en el que se plantean aspectos puramente materiales que pueden surgir en el curso del mismo, dependiendo de las diversas actitudes que pueda adoptar el demandado, en relacion al pago y consignacion o no de las cantidades adeudadas y desarrollo de las traba, para pasar, por ultimo, a las incidencias que pueden surgir con posterioridad a la traba, consistentes en la mejora ampliacion, reduccion, o sustitucion del embargo.<\/p>\n<p>&nbsp;<\/p>\n<h3>Datos acad\u00e9micos de la tesis doctoral \u00ab<strong>\u00abejecucion y tutela judicial. especial referencia al embargo\u00bb.<\/strong>\u00ab<\/h3>\n<ul>\n<li><strong>T\u00edtulo de la tesis:<\/strong>\u00a0 \u00abejecucion y tutela judicial. especial referencia al embargo\u00bb. <\/li>\n<li><strong>Autor:<\/strong>\u00a0 Ilda Mendel Lopez <\/li>\n<li><strong>Universidad:<\/strong>\u00a0 Oviedo<\/li>\n<li><strong>Fecha de lectura de la tesis:<\/strong>\u00a0 01\/01\/1993<\/li>\n<\/ul>\n<p>&nbsp;<\/p>\n<h3>Direcci\u00f3n y tribunal<\/h3>\n<ul>\n<li><strong>Director de la tesis<\/strong>\n<ul>\n<li>Fernando G\u00f3mez De Lia\u00f1o Gonz\u00e1lez<\/li>\n<\/ul>\n<\/li>\n<li><strong>Tribunal<\/strong>\n<ul>\n<li>Presidente del tribunal: Manuel Pelaez Del Rosal <\/li>\n<li>Victor Moreno Catena (vocal)<\/li>\n<li>Valentin Cortes Dominguez (vocal)<\/li>\n<li>Antonio  Mar\u00eda Lorca Navarrete (vocal)<\/li>\n<\/ul>\n<\/li>\n<\/ul>\n<p>&nbsp;<\/p>\n","protected":false},"excerpt":{"rendered":"<p>Tesis doctoral de Ilda Mendel Lopez El trabajo se presenta dividido en dos partes, a saber: la parte primera, titulada [&hellip;]<\/p>\n","protected":false},"author":1,"featured_media":0,"comment_status":"open","ping_status":"open","sticky":false,"template":"","format":"standard","meta":{"site-sidebar-layout":"default","site-content-layout":"","ast-site-content-layout":"","site-content-style":"default","site-sidebar-style":"default","ast-global-header-display":"","ast-banner-title-visibility":"","ast-main-header-display":"","ast-hfb-above-header-display":"","ast-hfb-below-header-display":"","ast-hfb-mobile-header-display":"","site-post-title":"","ast-breadcrumbs-content":"","ast-featured-img":"","footer-sml-layout":"","theme-transparent-header-meta":"","adv-header-id-meta":"","stick-header-meta":"","header-above-stick-meta":"","header-main-stick-meta":"","header-below-stick-meta":"","astra-migrate-meta-layouts":"default","ast-page-background-enabled":"default","ast-page-background-meta":{"desktop":{"background-color":"var(--ast-global-color-4)","background-image":"","background-repeat":"repeat","background-position":"center center","background-size":"auto","background-attachment":"scroll","background-type":"","background-media":"","overlay-type":"","overlay-color":"","overlay-gradient":""},"tablet":{"background-color":"","background-image":"","background-repeat":"repeat","background-position":"center center","background-size":"auto","background-attachment":"scroll","background-type":"","background-media":"","overlay-type":"","overlay-color":"","overlay-gradient":""},"mobile":{"background-color":"","background-image":"","background-repeat":"repeat","background-position":"center center","background-size":"auto","background-attachment":"scroll","background-type":"","background-media":"","overlay-type":"","overlay-color":"","overlay-gradient":""}},"ast-content-background-meta":{"desktop":{"background-color":"var(--ast-global-color-5)","background-image":"","background-repeat":"repeat","background-position":"center center","background-size":"auto","background-attachment":"scroll","background-type":"","background-media":"","overlay-type":"","overlay-color":"","overlay-gradient":""},"tablet":{"background-color":"var(--ast-global-color-5)","background-image":"","background-repeat":"repeat","background-position":"center center","background-size":"auto","background-attachment":"scroll","background-type":"","background-media":"","overlay-type":"","overlay-color":"","overlay-gradient":""},"mobile":{"background-color":"var(--ast-global-color-5)","background-image":"","background-repeat":"repeat","background-position":"center center","background-size":"auto","background-attachment":"scroll","background-type":"","background-media":"","overlay-type":"","overlay-color":"","overlay-gradient":""}},"footnotes":""},"categories":[612,9153,8846,3193],"tags":[13551,9155,258299,9849,9850,11249],"class_list":["post-143572","post","type-post","status-publish","format-standard","hentry","category-ciencias-juridicas-y-derecho","category-derecho-comun-anglosajon","category-oviedo","category-teoria-y-metodos-generales-del-derecho","tag-antonio-maria-lorca-navarrete","tag-fernando-gomez-de-liano-gonzalez","tag-ilda-mendel-lopez","tag-manuel-pelaez-del-rosal","tag-valentin-cortes-dominguez","tag-victor-moreno-catena"],"_links":{"self":[{"href":"https:\/\/www.deberes.net\/tesis\/wp-json\/wp\/v2\/posts\/143572","targetHints":{"allow":["GET"]}}],"collection":[{"href":"https:\/\/www.deberes.net\/tesis\/wp-json\/wp\/v2\/posts"}],"about":[{"href":"https:\/\/www.deberes.net\/tesis\/wp-json\/wp\/v2\/types\/post"}],"author":[{"embeddable":true,"href":"https:\/\/www.deberes.net\/tesis\/wp-json\/wp\/v2\/users\/1"}],"replies":[{"embeddable":true,"href":"https:\/\/www.deberes.net\/tesis\/wp-json\/wp\/v2\/comments?post=143572"}],"version-history":[{"count":0,"href":"https:\/\/www.deberes.net\/tesis\/wp-json\/wp\/v2\/posts\/143572\/revisions"}],"wp:attachment":[{"href":"https:\/\/www.deberes.net\/tesis\/wp-json\/wp\/v2\/media?parent=143572"}],"wp:term":[{"taxonomy":"category","embeddable":true,"href":"https:\/\/www.deberes.net\/tesis\/wp-json\/wp\/v2\/categories?post=143572"},{"taxonomy":"post_tag","embeddable":true,"href":"https:\/\/www.deberes.net\/tesis\/wp-json\/wp\/v2\/tags?post=143572"}],"curies":[{"name":"wp","href":"https:\/\/api.w.org\/{rel}","templated":true}]}}