{"id":143632,"date":"1993-01-01T00:00:00","date_gmt":"1993-01-01T00:00:00","guid":{"rendered":"https:\/\/www.deberes.net\/tesis\/sin-categoria\/enfermedades-profesionales-en-trabajadores-de-peluqueria\/"},"modified":"1993-01-01T00:00:00","modified_gmt":"1993-01-01T00:00:00","slug":"enfermedades-profesionales-en-trabajadores-de-peluqueria","status":"publish","type":"post","link":"https:\/\/www.deberes.net\/tesis\/ciencias-medicas\/enfermedades-profesionales-en-trabajadores-de-peluqueria\/","title":{"rendered":"Enfermedades profesionales en trabajadores de peluqueria"},"content":{"rendered":"<h2>Tesis doctoral de <strong>  Baz Manchado M. Auxiliadora <\/strong><\/h2>\n<p>La alta incidencia de dermatitis de contacto en trabajadores de peluqueria esta en funcion de la gran cantidad de productos quimicos que manejan estos profesionales. El estudio se ha realizado sobre 268 casos de peluqueros, valorando la clinica y las pruebas epicutaneas. La dermatitis alergica de contacto, que en este estudio representa el 51,86 % de toda la patolog\u00eda cutanea observada, esta originada por alergenos de utilizacion frecuente como los tintes, entre los que destaca la parafenilendiamina (ppd) y con mucha menor frecuencia la paratoluendiamina (ptd). Otra de las patolog\u00edas es la dermatitis irritativa que supone el 19,40 % y esta desencadenada por sustancias como el champu, el agua oxigenada y el amoniaco, entre otras.  el resultado de las pruebas epicutaneas en el patron de dermatitis irritativa es negativo. En cambio, en las dermatitis alergicas de contacto profesional existe una correlacion evidente para algunos alergenos concretos y algunas formas clinicas.  este es el caso de la parafenilendiamina, donde se afectan de forma clara el dorso de los dedos.<\/p>\n<p>&nbsp;<\/p>\n<h3>Datos acad\u00e9micos de la tesis doctoral \u00ab<strong>Enfermedades profesionales en trabajadores de peluqueria<\/strong>\u00ab<\/h3>\n<ul>\n<li><strong>T\u00edtulo de la tesis:<\/strong>\u00a0 Enfermedades profesionales en trabajadores de peluqueria <\/li>\n<li><strong>Autor:<\/strong>\u00a0  Baz Manchado M. Auxiliadora <\/li>\n<li><strong>Universidad:<\/strong>\u00a0 Salamanca<\/li>\n<li><strong>Fecha de lectura de la tesis:<\/strong>\u00a0 01\/01\/1993<\/li>\n<\/ul>\n<p>&nbsp;<\/p>\n<h3>Direcci\u00f3n y tribunal<\/h3>\n<ul>\n<li><strong>Director de la tesis<\/strong>\n<ul>\n<li>Pablo De Unamuno P\u00e9rez<\/li>\n<\/ul>\n<\/li>\n<li><strong>Tribunal<\/strong>\n<ul>\n<li>Presidente del tribunal: Miguel Armijo Moreno <\/li>\n<li>Mar\u00eda  Del Carmen S\u00e1enz Gonz\u00e1lez (vocal)<\/li>\n<li>Agust\u00edn Mart\u00edn Pascual (vocal)<\/li>\n<li>Cesar Borobia Fernandez (vocal)<\/li>\n<\/ul>\n<\/li>\n<\/ul>\n<p>&nbsp;<\/p>\n","protected":false},"excerpt":{"rendered":"<p>Tesis doctoral de Baz Manchado M. Auxiliadora La alta incidencia de dermatitis de contacto en trabajadores de peluqueria esta en [&hellip;]<\/p>\n","protected":false},"author":1,"featured_media":0,"comment_status":"open","ping_status":"open","sticky":false,"template":"","format":"standard","meta":{"site-sidebar-layout":"default","site-content-layout":"","ast-site-content-layout":"","site-content-style":"default","site-sidebar-style":"default","ast-global-header-display":"","ast-banner-title-visibility":"","ast-main-header-display":"","ast-hfb-above-header-display":"","ast-hfb-below-header-display":"","ast-hfb-mobile-header-display":"","site-post-title":"","ast-breadcrumbs-content":"","ast-featured-img":"","footer-sml-layout":"","theme-transparent-header-meta":"","adv-header-id-meta":"","stick-header-meta":"","header-above-stick-meta":"","header-main-stick-meta":"","header-below-stick-meta":"","astra-migrate-meta-layouts":"default","ast-page-background-enabled":"default","ast-page-background-meta":{"desktop":{"background-color":"var(--ast-global-color-4)","background-image":"","background-repeat":"repeat","background-position":"center center","background-size":"auto","background-attachment":"scroll","background-type":"","background-media":"","overlay-type":"","overlay-color":"","overlay-gradient":""},"tablet":{"background-color":"","background-image":"","background-repeat":"repeat","background-position":"center center","background-size":"auto","background-attachment":"scroll","background-type":"","background-media":"","overlay-type":"","overlay-color":"","overlay-gradient":""},"mobile":{"background-color":"","background-image":"","background-repeat":"repeat","background-position":"center center","background-size":"auto","background-attachment":"scroll","background-type":"","background-media":"","overlay-type":"","overlay-color":"","overlay-gradient":""}},"ast-content-background-meta":{"desktop":{"background-color":"var(--ast-global-color-5)","background-image":"","background-repeat":"repeat","background-position":"center center","background-size":"auto","background-attachment":"scroll","background-type":"","background-media":"","overlay-type":"","overlay-color":"","overlay-gradient":""},"tablet":{"background-color":"var(--ast-global-color-5)","background-image":"","background-repeat":"repeat","background-position":"center center","background-size":"auto","background-attachment":"scroll","background-type":"","background-media":"","overlay-type":"","overlay-color":"","overlay-gradient":""},"mobile":{"background-color":"var(--ast-global-color-5)","background-image":"","background-repeat":"repeat","background-position":"center center","background-size":"auto","background-attachment":"scroll","background-type":"","background-media":"","overlay-type":"","overlay-color":"","overlay-gradient":""}},"footnotes":""},"categories":[9,20598,435,9386],"tags":[9397,258365,22327,8318,696,9395],"class_list":["post-143632","post","type-post","status-publish","format-standard","hentry","category-ciencias-medicas","category-enfermedades-profesionales","category-medicina-del-trabajo","category-salamanca","tag-agustin-martin-pascual","tag-baz-manchado-m-auxiliadora","tag-cesar-borobia-fernandez","tag-maria-del-carmen-saenz-gonzalez","tag-miguel-armijo-moreno","tag-pablo-de-unamuno-perez"],"_links":{"self":[{"href":"https:\/\/www.deberes.net\/tesis\/wp-json\/wp\/v2\/posts\/143632","targetHints":{"allow":["GET"]}}],"collection":[{"href":"https:\/\/www.deberes.net\/tesis\/wp-json\/wp\/v2\/posts"}],"about":[{"href":"https:\/\/www.deberes.net\/tesis\/wp-json\/wp\/v2\/types\/post"}],"author":[{"embeddable":true,"href":"https:\/\/www.deberes.net\/tesis\/wp-json\/wp\/v2\/users\/1"}],"replies":[{"embeddable":true,"href":"https:\/\/www.deberes.net\/tesis\/wp-json\/wp\/v2\/comments?post=143632"}],"version-history":[{"count":0,"href":"https:\/\/www.deberes.net\/tesis\/wp-json\/wp\/v2\/posts\/143632\/revisions"}],"wp:attachment":[{"href":"https:\/\/www.deberes.net\/tesis\/wp-json\/wp\/v2\/media?parent=143632"}],"wp:term":[{"taxonomy":"category","embeddable":true,"href":"https:\/\/www.deberes.net\/tesis\/wp-json\/wp\/v2\/categories?post=143632"},{"taxonomy":"post_tag","embeddable":true,"href":"https:\/\/www.deberes.net\/tesis\/wp-json\/wp\/v2\/tags?post=143632"}],"curies":[{"name":"wp","href":"https:\/\/api.w.org\/{rel}","templated":true}]}}